{"id":15773,"date":"2015-01-22T00:35:17","date_gmt":"2015-01-22T00:35:17","guid":{"rendered":"http:\/\/diadianoticias.com.br\/?p=15773"},"modified":"2015-01-22T00:35:17","modified_gmt":"2015-01-22T00:35:17","slug":"homem-que-colocou-fogo-na-familia-era-investigado-por-estupro","status":"publish","type":"post","link":"https:\/\/diadianoticias.com.br\/?p=15773","title":{"rendered":"Homem que colocou fogo na fam\u00edlia era investigado por estupro"},"content":{"rendered":"<p style=\"text-align: justify;\"><a href=\"http:\/\/diadianoticias.com.br\/wp-content\/uploads\/2015\/01\/est01.jpg\"><img loading=\"lazy\" decoding=\"async\" class=\"alignleft size-medium wp-image-15775\" src=\"http:\/\/diadianoticias.com.br\/wp-content\/uploads\/2015\/01\/est01-300x285.jpg\" alt=\"est01\" width=\"300\" height=\"285\" srcset=\"https:\/\/diadianoticias.com.br\/wp-content\/uploads\/2015\/01\/est01-300x285.jpg 300w, https:\/\/diadianoticias.com.br\/wp-content\/uploads\/2015\/01\/est01.jpg 348w\" sizes=\"auto, (max-width: 300px) 100vw, 300px\" \/><\/a>Segunda a Delegada Cintia de Barros Albuquerque da delegacia da mulher em 2009 foi registrada a primeira queixa da m\u00e3e e da filha contra o abuso sexual que a menina, na \u00e9poca com nove anos, estaria sofrendo por parte do pai. Mas, tanto a m\u00e3e quanto a filha voltaram atr\u00e1s, retiraram a den\u00fancia contra Emerson Carlos do Amaral.<\/p>\n<p style=\"text-align: justify;\">Cyntia de Barros Albuquerque falou tamb\u00e9m que em nenhum momento m\u00e3e e filha relataram amea\u00e7as de morte por parte do marido. E somente em dezembro do ano passado quando a garota conseguiu gravar em \u00e1udio uma conversa com o pai em que comprovava o abuso um novo boletim de ocorr\u00eancias foi registrado e a medida protetiva concedida. Mas, Emerson sequer chegou a ser citado porque n\u00e3o foi encontrado. Estava em local desconhecido da fam\u00edlia.<\/p>\n<p style=\"text-align: justify;\">Questionada sobre o fato de a menina ter voltado atr\u00e1s na primeira den\u00fancia contra o pai, a delegada disse que como exame de corpo de delito deu negativo na \u00e9poca a decis\u00e3o da m\u00e3e e da filha foi respeitada. Mas, n\u00e3o antes da pol\u00edcia investigar as raz\u00f5es da desist\u00eancia<a href=\"http:\/\/diadianoticias.com.br\/wp-content\/uploads\/2015\/01\/est02.jpg\"><img loading=\"lazy\" decoding=\"async\" class=\"alignright size-medium wp-image-15774\" src=\"http:\/\/diadianoticias.com.br\/wp-content\/uploads\/2015\/01\/est02-300x218.jpg\" alt=\"est02\" width=\"300\" height=\"218\" srcset=\"https:\/\/diadianoticias.com.br\/wp-content\/uploads\/2015\/01\/est02-300x218.jpg 300w, https:\/\/diadianoticias.com.br\/wp-content\/uploads\/2015\/01\/est02.jpg 448w\" sizes=\"auto, (max-width: 300px) 100vw, 300px\" \/><\/a> da v\u00edtima.<\/p>\n<p style=\"text-align: justify;\">O corpo de Emerson Carlos do Amaral, de 47 anos encontrado morto por enforcamento na casa da ex mulher no bairro Cascavel velho, continua aqui no Instituto M\u00e9dico Legal.<br \/>\nEmerson invadiu a casa da ex-mulher Luciana Massucato Vaz e colocou fogo na resid\u00eancia.<\/p>\n<p style=\"text-align: justify;\">Douglas Massucato do Amaral de 15 anos, filho de Emerson foi atingido pelas chamas e est\u00e1 internado em estado grave no Hospital Universit\u00e1rio, com 70% do corpo queimado.<\/p>\n<p style=\"text-align: justify;\">\nLuciana Massucato Vaz tamb\u00e9m est\u00e1 internada com ferimentos graves, outro filho do casal tamb\u00e9m teve queimaduras, mas est\u00e1 fora de perigo.<\/p>\n<p style=\"text-align: justify;\">E a garota que sofreu abusos do pai, hoje com 16 anos nada sofreu.\u00a0Os vizinhos contam <a href=\"http:\/\/diadianoticias.com.br\/wp-content\/uploads\/2015\/01\/est03.jpg\"><img loading=\"lazy\" decoding=\"async\" class=\"alignleft size-medium wp-image-15776\" src=\"http:\/\/diadianoticias.com.br\/wp-content\/uploads\/2015\/01\/est03-300x226.jpg\" alt=\"est03\" width=\"300\" height=\"226\" srcset=\"https:\/\/diadianoticias.com.br\/wp-content\/uploads\/2015\/01\/est03-300x226.jpg 300w, https:\/\/diadianoticias.com.br\/wp-content\/uploads\/2015\/01\/est03.jpg 451w\" sizes=\"auto, (max-width: 300px) 100vw, 300px\" \/><\/a>que m\u00e3e e filha eram agredidas por Emerson. A fam\u00edlia de Luciana est\u00e1 revoltada com a viol\u00eancia que eles sofreram.<\/p>\n<p style=\"text-align: justify;\">Enquanto as v\u00edtimas lutam pela vida, as obras da ala de queimados do Hospital Universit\u00e1rio n\u00e3o avan\u00e7am. Segundo o chefe da 10\u00aa Regional de Sa\u00fade, Dr. Miroslau Bailak, as obras est\u00e3o dentro do cronograma.<\/p>\n<p style=\"text-align: justify;\">As delegacias de homic\u00eddio e da mulher v\u00e3o continuar com o inqu\u00e9rito, mas o caso ser\u00e1 encerrado porque Emerson est\u00e1 morto. Mas, para a delegada de Homic\u00eddios o crime foi premeditado.<\/p>\n<p style=\"text-align: justify;\"><em>(Catve)<\/em><\/p>\n<p>&nbsp;<\/p>\n","protected":false},"excerpt":{"rendered":"<div class=\"mh-excerpt\"><p>Segunda a Delegada Cintia de Barros Albuquerque da delegacia da mulher em 2009 foi registrada a primeira queixa da m\u00e3e e da filha contra o abuso sexual que a menina, na \u00e9poca com nove anos, <a class=\"mh-excerpt-more\" href=\"https:\/\/diadianoticias.com.br\/?p=15773\" title=\"Homem que colocou fogo na fam\u00edlia era investigado por estupro\">[&#8230;]<\/a><\/p>\n<\/div>","protected":false},"author":4,"featured_media":15775,"comment_status":"open","ping_status":"open","sticky":false,"template":"","format":"standard","meta":{"footnotes":""},"categories":[14],"tags":[],"class_list":{"0":"post-15773","1":"post","2":"type-post","3":"status-publish","4":"format-standard","5":"has-post-thumbnail","7":"category-paran"},"_links":{"self":[{"href":"https:\/\/diadianoticias.com.br\/index.php?rest_route=\/wp\/v2\/posts\/15773","targetHints":{"allow":["GET"]}}],"collection":[{"href":"https:\/\/diadianoticias.com.br\/index.php?rest_route=\/wp\/v2\/posts"}],"about":[{"href":"https:\/\/diadianoticias.com.br\/index.php?rest_route=\/wp\/v2\/types\/post"}],"author":[{"embeddable":true,"href":"https:\/\/diadianoticias.com.br\/index.php?rest_route=\/wp\/v2\/users\/4"}],"replies":[{"embeddable":true,"href":"https:\/\/diadianoticias.com.br\/index.php?rest_route=%2Fwp%2Fv2%2Fcomments&post=15773"}],"version-history":[{"count":0,"href":"https:\/\/diadianoticias.com.br\/index.php?rest_route=\/wp\/v2\/posts\/15773\/revisions"}],"wp:featuredmedia":[{"embeddable":true,"href":"https:\/\/diadianoticias.com.br\/index.php?rest_route=\/wp\/v2\/media\/15775"}],"wp:attachment":[{"href":"https:\/\/diadianoticias.com.br\/index.php?rest_route=%2Fwp%2Fv2%2Fmedia&parent=15773"}],"wp:term":[{"taxonomy":"category","embeddable":true,"href":"https:\/\/diadianoticias.com.br\/index.php?rest_route=%2Fwp%2Fv2%2Fcategories&post=15773"},{"taxonomy":"post_tag","embeddable":true,"href":"https:\/\/diadianoticias.com.br\/index.php?rest_route=%2Fwp%2Fv2%2Ftags&post=15773"}],"curies":[{"name":"wp","href":"https:\/\/api.w.org\/{rel}","templated":true}]}}