{"id":15764,"date":"2015-01-21T20:14:25","date_gmt":"2015-01-21T20:14:25","guid":{"rendered":"http:\/\/diadianoticias.com.br\/?p=15764"},"modified":"2015-01-21T20:14:25","modified_gmt":"2015-01-21T20:14:25","slug":"suspeito-de-atropelar-e-matar-crianca-em-jussara-se-apresenta-e-diz-que-nao-percebeu-o-atropelamento","status":"publish","type":"post","link":"https:\/\/diadianoticias.com.br\/?p=15764","title":{"rendered":"Suspeito de atropelar e matar crian\u00e7a em Jussara se apresenta e diz que n\u00e3o percebeu o atropelamento"},"content":{"rendered":"<p style=\"text-align: justify;\"><a href=\"http:\/\/diadianoticias.com.br\/wp-content\/uploads\/2015\/01\/car04.jpg\"><img loading=\"lazy\" decoding=\"async\" class=\"alignleft size-medium wp-image-15766\" src=\"http:\/\/diadianoticias.com.br\/wp-content\/uploads\/2015\/01\/car04-219x300.jpg\" alt=\"car04\" width=\"219\" height=\"300\" srcset=\"https:\/\/diadianoticias.com.br\/wp-content\/uploads\/2015\/01\/car04-219x300.jpg 219w, https:\/\/diadianoticias.com.br\/wp-content\/uploads\/2015\/01\/car04.jpg 429w\" sizes=\"auto, (max-width: 219px) 100vw, 219px\" \/><\/a>Logo no in\u00edcio da manh\u00e3 desta quarta-feira(21), o pedreiro\u00a0Edson de Souza Santana, de 39 anos, suspeito de atropelar e matar a garotinha Raissa Cristina Passarela, de apenas 2 anos e 4 meses, no \u00faltimo s\u00e1bado(17) em Jussara, se apresentou, acompanhado de seu advogado, na 21\u00aa SDP de Cianorte.<\/p>\n<p style=\"text-align: justify;\">O pedreiro apresentou aos policiais, o carro que dirigia no momento do atropelamento, e n\u00e3o quis falar com a imprensa. O advogado do suspeito, disse que seu cliente contou que s\u00f3 ficou sabendo que atropelou e matou uma crian\u00e7a no dia seguinte atrav\u00e9s da imprensa.<\/p>\n<p style=\"font-weight: inherit; font-style: inherit; text-align: justify;\">O advogado ainda repassou a nossa equipe, que Edson nega que tenha atropelado a menina propositalmente. Disse que estava em baixa velocidade, aproximadamente 30km\/h. O acidente aconteceu depois que ele passou pelo \u201cquebra-molas\u201d e se deparou com um grupo de pessoas no meio da rua. Ao desviar da aglomera\u00e7\u00e3o \u00e9 que teria atingido a menina.<\/p>\n<p style=\"font-weight: inherit; font-style: inherit; text-align: justify;\">Sobre a fuga, o pedreiro disse ao advogado, que quando olhou pelo retrovisor do ve\u00edculo,<a href=\"http:\/\/diadianoticias.com.br\/wp-content\/uploads\/2015\/01\/car01.jpg\"><img loading=\"lazy\" decoding=\"async\" class=\"alignright size-medium wp-image-15768\" src=\"http:\/\/diadianoticias.com.br\/wp-content\/uploads\/2015\/01\/car01-300x155.jpg\" alt=\"car01\" width=\"300\" height=\"155\" srcset=\"https:\/\/diadianoticias.com.br\/wp-content\/uploads\/2015\/01\/car01-300x155.jpg 300w, https:\/\/diadianoticias.com.br\/wp-content\/uploads\/2015\/01\/car01-1024x528.jpg 1024w, https:\/\/diadianoticias.com.br\/wp-content\/uploads\/2015\/01\/car01.jpg 1147w\" sizes=\"auto, (max-width: 300px) 100vw, 300px\" \/><\/a> percebeu que algumas pessoas estavam correndo atr\u00e1s de seu carro, e pensando ter atropelado algum animal de estima\u00e7\u00e3o, com medo fugiu.<\/p>\n<p style=\"text-align: justify;\">Edson trabalha na cidade de Ivatuba-PR, no setor de constru\u00e7\u00e3o civil. A pol\u00edcia trabalha com cautela na vers\u00e3o apresentada pelo suspeito.<\/p>\n<p style=\"text-align: justify;\">Familiares da crian\u00e7a alegam que, ele estaria paquerando uma mulher da fam\u00edlia da crian\u00e7a, por isso os investigadores ainda n\u00e3o descartaram a possibilidade de o atropelamento ter sido proposital. Essa mulher tamb\u00e9m deve ser intimada, para prestar depoimento.<\/p>\n<p style=\"font-weight: inherit; font-style: inherit; text-align: justify;\">A vers\u00e3o apresentada pelo pedreiro contraria a vers\u00e3o de familiares e vizinhos que estavam no local no momento do acidente. Segundo eles, o carro estava em alta velocidade.<\/p>\n<p style=\"font-weight: inherit; font-style: inherit; text-align: justify;\"><a href=\"http:\/\/diadianoticias.com.br\/wp-content\/uploads\/2015\/01\/car02.jpg\"><img loading=\"lazy\" decoding=\"async\" class=\"alignleft size-thumbnail wp-image-15769\" src=\"http:\/\/diadianoticias.com.br\/wp-content\/uploads\/2015\/01\/car02-150x150.jpg\" alt=\"car02\" width=\"150\" height=\"150\" \/><\/a><a href=\"http:\/\/diadianoticias.com.br\/wp-content\/uploads\/2015\/01\/car05.jpg\"><img loading=\"lazy\" decoding=\"async\" class=\"alignleft size-thumbnail wp-image-15767\" src=\"http:\/\/diadianoticias.com.br\/wp-content\/uploads\/2015\/01\/car05-150x150.jpg\" alt=\"car05\" width=\"150\" height=\"150\" \/><\/a><a href=\"http:\/\/diadianoticias.com.br\/wp-content\/uploads\/2015\/01\/10866817_736263186468831_2124273382_n-1.jpg\"><img loading=\"lazy\" decoding=\"async\" class=\"alignleft size-thumbnail wp-image-15770\" src=\"http:\/\/diadianoticias.com.br\/wp-content\/uploads\/2015\/01\/10866817_736263186468831_2124273382_n-1-150x150.jpg\" alt=\"10866817_736263186468831_2124273382_n (1)\" width=\"150\" height=\"150\" \/><\/a><\/p>\n","protected":false},"excerpt":{"rendered":"<div class=\"mh-excerpt\"><p>Logo no in\u00edcio da manh\u00e3 desta quarta-feira(21), o pedreiro\u00a0Edson de Souza Santana, de 39 anos, suspeito de atropelar e matar a garotinha Raissa Cristina Passarela, de apenas 2 anos e 4 meses, no \u00faltimo s\u00e1bado(17) <a class=\"mh-excerpt-more\" href=\"https:\/\/diadianoticias.com.br\/?p=15764\" title=\"Suspeito de atropelar e matar crian\u00e7a em Jussara se apresenta e diz que n\u00e3o percebeu o atropelamento\">[&#8230;]<\/a><\/p>\n<\/div>","protected":false},"author":4,"featured_media":15766,"comment_status":"open","ping_status":"open","sticky":false,"template":"","format":"standard","meta":{"footnotes":""},"categories":[5],"tags":[],"class_list":{"0":"post-15764","1":"post","2":"type-post","3":"status-publish","4":"format-standard","5":"has-post-thumbnail","7":"category-policiais"},"_links":{"self":[{"href":"https:\/\/diadianoticias.com.br\/index.php?rest_route=\/wp\/v2\/posts\/15764","targetHints":{"allow":["GET"]}}],"collection":[{"href":"https:\/\/diadianoticias.com.br\/index.php?rest_route=\/wp\/v2\/posts"}],"about":[{"href":"https:\/\/diadianoticias.com.br\/index.php?rest_route=\/wp\/v2\/types\/post"}],"author":[{"embeddable":true,"href":"https:\/\/diadianoticias.com.br\/index.php?rest_route=\/wp\/v2\/users\/4"}],"replies":[{"embeddable":true,"href":"https:\/\/diadianoticias.com.br\/index.php?rest_route=%2Fwp%2Fv2%2Fcomments&post=15764"}],"version-history":[{"count":0,"href":"https:\/\/diadianoticias.com.br\/index.php?rest_route=\/wp\/v2\/posts\/15764\/revisions"}],"wp:featuredmedia":[{"embeddable":true,"href":"https:\/\/diadianoticias.com.br\/index.php?rest_route=\/wp\/v2\/media\/15766"}],"wp:attachment":[{"href":"https:\/\/diadianoticias.com.br\/index.php?rest_route=%2Fwp%2Fv2%2Fmedia&parent=15764"}],"wp:term":[{"taxonomy":"category","embeddable":true,"href":"https:\/\/diadianoticias.com.br\/index.php?rest_route=%2Fwp%2Fv2%2Fcategories&post=15764"},{"taxonomy":"post_tag","embeddable":true,"href":"https:\/\/diadianoticias.com.br\/index.php?rest_route=%2Fwp%2Fv2%2Ftags&post=15764"}],"curies":[{"name":"wp","href":"https:\/\/api.w.org\/{rel}","templated":true}]}}