{"id":15759,"date":"2015-01-21T16:01:37","date_gmt":"2015-01-21T16:01:37","guid":{"rendered":"http:\/\/diadianoticias.com.br\/?p=15759"},"modified":"2015-01-21T16:01:37","modified_gmt":"2015-01-21T16:01:37","slug":"homem-e-preso-apos-sequestrar-e-matar-crianca-de-9-anos-pericia-vai-apontar-se-ela-foi-estuprada","status":"publish","type":"post","link":"https:\/\/diadianoticias.com.br\/?p=15759","title":{"rendered":"Homem \u00e9 preso ap\u00f3s sequestrar e matar crian\u00e7a de 9 anos; per\u00edcia vai apontar se ela foi estuprada"},"content":{"rendered":"<p style=\"text-align: justify;\"><a href=\"http:\/\/diadianoticias.com.br\/wp-content\/uploads\/2015\/01\/menina_morta_folrest_polis_1_A.jpg\"><img loading=\"lazy\" decoding=\"async\" class=\"alignleft size-medium wp-image-15760\" src=\"http:\/\/diadianoticias.com.br\/wp-content\/uploads\/2015\/01\/menina_morta_folrest_polis_1_A-300x208.jpg\" alt=\"menina_morta_folrest_polis_1_A\" width=\"300\" height=\"208\" srcset=\"https:\/\/diadianoticias.com.br\/wp-content\/uploads\/2015\/01\/menina_morta_folrest_polis_1_A-300x208.jpg 300w, https:\/\/diadianoticias.com.br\/wp-content\/uploads\/2015\/01\/menina_morta_folrest_polis_1_A.jpg 600w\" sizes=\"auto, (max-width: 300px) 100vw, 300px\" \/><\/a>O corpo de uma crian\u00e7a de 9 anos que estava desaparecida desde o \u00faltimo domingo (18) em Florest\u00f3polis, na regi\u00e3o de Londrina, foi encontrado na tarde desta ter\u00e7a-feira (20).\u00a0 O corpo da crian\u00e7a foi encontrado pela Pol\u00edcia no meio de um canavial, a cerca de 2 km da cidade de Florest\u00f3polis.<\/p>\n<p style=\"text-align: justify;\">Um homem foi preso e confessou o crime. Ele seria conhecido da fam\u00edlia da v\u00edtima e tem 43 anos de idade. Segundo informou o delegado que investiga o caso, o acusado convivia com a fam\u00edlia da crian\u00e7a e frequentavam a mesma igreja e as filhas do acusado brincavam com a v\u00edtima, Maria Fernanda.<\/p>\n<p style=\"text-align: justify;\">Segundo as informa\u00e7\u00f5es dos familiares da crian\u00e7a, no domingo de manh\u00e3 a m\u00e3e de Maria Fernanda de Jesus Braga, pediu para a crian\u00e7a comprar cr\u00e9ditos de celular em um posto<a href=\"http:\/\/diadianoticias.com.br\/wp-content\/uploads\/2015\/01\/ac.jpg\"><img loading=\"lazy\" decoding=\"async\" class=\"alignright size-full wp-image-15761\" src=\"http:\/\/diadianoticias.com.br\/wp-content\/uploads\/2015\/01\/ac.jpg\" alt=\"ac\" width=\"166\" height=\"250\" \/><\/a> de combust\u00edveis, e n\u00e3o retornou mais. C\u00e2meras de seguran\u00e7a do posto registraram o momento em que a crian\u00e7a saiu do com\u00e9rcio e foi seguida por um ve\u00edculo.<\/p>\n<p style=\"text-align: justify;\">Os resultados da per\u00edcia que est\u00e3o sendo realizadas no corpo v\u00e3o confirmar ou n\u00e3o se a crian\u00e7a foi abusada sexualmente pelo acusado. Ao confessar o crime, o homem disse que matou a menina por vingan\u00e7a.<\/p>\n<p><em>(Coluna do Rato)<\/em><\/p>\n<p><a href=\"http:\/\/diadianoticias.com.br\/wp-content\/uploads\/2015\/01\/cr.jpg\"><img loading=\"lazy\" decoding=\"async\" class=\"alignleft size-thumbnail wp-image-15762\" src=\"http:\/\/diadianoticias.com.br\/wp-content\/uploads\/2015\/01\/cr-150x150.jpg\" alt=\"cr\" width=\"150\" height=\"150\" \/><\/a><\/p>\n<p>&nbsp;<\/p>\n","protected":false},"excerpt":{"rendered":"<div class=\"mh-excerpt\"><p>O corpo de uma crian\u00e7a de 9 anos que estava desaparecida desde o \u00faltimo domingo (18) em Florest\u00f3polis, na regi\u00e3o de Londrina, foi encontrado na tarde desta ter\u00e7a-feira (20).\u00a0 O corpo da crian\u00e7a foi encontrado <a class=\"mh-excerpt-more\" href=\"https:\/\/diadianoticias.com.br\/?p=15759\" title=\"Homem \u00e9 preso ap\u00f3s sequestrar e matar crian\u00e7a de 9 anos; per\u00edcia vai apontar se ela foi estuprada\">[&#8230;]<\/a><\/p>\n<\/div>","protected":false},"author":4,"featured_media":15760,"comment_status":"open","ping_status":"open","sticky":false,"template":"","format":"standard","meta":{"footnotes":""},"categories":[14],"tags":[],"class_list":{"0":"post-15759","1":"post","2":"type-post","3":"status-publish","4":"format-standard","5":"has-post-thumbnail","7":"category-paran"},"_links":{"self":[{"href":"https:\/\/diadianoticias.com.br\/index.php?rest_route=\/wp\/v2\/posts\/15759","targetHints":{"allow":["GET"]}}],"collection":[{"href":"https:\/\/diadianoticias.com.br\/index.php?rest_route=\/wp\/v2\/posts"}],"about":[{"href":"https:\/\/diadianoticias.com.br\/index.php?rest_route=\/wp\/v2\/types\/post"}],"author":[{"embeddable":true,"href":"https:\/\/diadianoticias.com.br\/index.php?rest_route=\/wp\/v2\/users\/4"}],"replies":[{"embeddable":true,"href":"https:\/\/diadianoticias.com.br\/index.php?rest_route=%2Fwp%2Fv2%2Fcomments&post=15759"}],"version-history":[{"count":0,"href":"https:\/\/diadianoticias.com.br\/index.php?rest_route=\/wp\/v2\/posts\/15759\/revisions"}],"wp:featuredmedia":[{"embeddable":true,"href":"https:\/\/diadianoticias.com.br\/index.php?rest_route=\/wp\/v2\/media\/15760"}],"wp:attachment":[{"href":"https:\/\/diadianoticias.com.br\/index.php?rest_route=%2Fwp%2Fv2%2Fmedia&parent=15759"}],"wp:term":[{"taxonomy":"category","embeddable":true,"href":"https:\/\/diadianoticias.com.br\/index.php?rest_route=%2Fwp%2Fv2%2Fcategories&post=15759"},{"taxonomy":"post_tag","embeddable":true,"href":"https:\/\/diadianoticias.com.br\/index.php?rest_route=%2Fwp%2Fv2%2Ftags&post=15759"}],"curies":[{"name":"wp","href":"https:\/\/api.w.org\/{rel}","templated":true}]}}