{"id":15750,"date":"2015-01-21T10:20:40","date_gmt":"2015-01-21T10:20:40","guid":{"rendered":"http:\/\/diadianoticias.com.br\/?p=15750"},"modified":"2015-01-21T10:20:40","modified_gmt":"2015-01-21T10:20:40","slug":"homem-e-assassinado-com-12-tiros-e-13-facadas","status":"publish","type":"post","link":"https:\/\/diadianoticias.com.br\/?p=15750","title":{"rendered":"Homem \u00e9 assassinado com 12 tiros e 13 facadas"},"content":{"rendered":"<p style=\"text-align: justify;\"><a href=\"http:\/\/diadianoticias.com.br\/wp-content\/uploads\/2015\/01\/7406-65ca11bf4b00b92ccf28a2e16efedf97.jpg\"><img loading=\"lazy\" decoding=\"async\" class=\"alignleft size-medium wp-image-15745\" src=\"http:\/\/diadianoticias.com.br\/wp-content\/uploads\/2015\/01\/7406-65ca11bf4b00b92ccf28a2e16efedf97-300x225.jpg\" alt=\"7406-65ca11bf4b00b92ccf28a2e16efedf97\" width=\"300\" height=\"225\" srcset=\"https:\/\/diadianoticias.com.br\/wp-content\/uploads\/2015\/01\/7406-65ca11bf4b00b92ccf28a2e16efedf97-300x225.jpg 300w, https:\/\/diadianoticias.com.br\/wp-content\/uploads\/2015\/01\/7406-65ca11bf4b00b92ccf28a2e16efedf97.jpg 800w\" sizes=\"auto, (max-width: 300px) 100vw, 300px\" \/><\/a>Na madrugada desta quarta-feira, 21 de janeiro de 2015, por volta das 02h:40min, socorristas do Siate (Sistema Integrado de Atendimento ao Trauma e Emerg\u00eancia) do Corpo de Bombeiros de Foz do Igua\u00e7u, juntamente com policiais militares do 14\u00ba BPM foram acionados para deslocarem at\u00e9 a Rua Ricardo Novakoski, esquina com a Avenida Morenitas, no Bairro Morenitas II, para darem atendimento a uma v\u00edtima de disparos de arma de fogo.<\/p>\n<p style=\"text-align: justify;\">No local os socorristas do Siate constataram que a v\u00edtima encontrava-se em \u00f3bito, sendo o local isolado pela policia militar at\u00e9 a chegada da Delegacia de Homic\u00eddios, Policia Cientifica e o Instituto M\u00e9dico Legal.<\/p>\n<p style=\"text-align: justify;\">Com a chegada da perita criminal, o local foi periciado, sendo apurado que as tr\u00eas lapadas de ilumina\u00e7\u00e3o p\u00fablica estavam sem a devida manuten\u00e7\u00e3o, sendo o local muito escuro, onde a v\u00edtima identificada por familiares como sendo Robson Oliveira Silva, de 21 anos,<a href=\"http:\/\/diadianoticias.com.br\/wp-content\/uploads\/2015\/01\/7406-dc82443be113375fe80b4bad8f899fb8.jpg\"><img loading=\"lazy\" decoding=\"async\" class=\"alignright size-medium wp-image-15744\" src=\"http:\/\/diadianoticias.com.br\/wp-content\/uploads\/2015\/01\/7406-dc82443be113375fe80b4bad8f899fb8-300x225.jpg\" alt=\"7406-dc82443be113375fe80b4bad8f899fb8\" width=\"300\" height=\"225\" srcset=\"https:\/\/diadianoticias.com.br\/wp-content\/uploads\/2015\/01\/7406-dc82443be113375fe80b4bad8f899fb8-300x225.jpg 300w, https:\/\/diadianoticias.com.br\/wp-content\/uploads\/2015\/01\/7406-dc82443be113375fe80b4bad8f899fb8.jpg 800w\" sizes=\"auto, (max-width: 300px) 100vw, 300px\" \/><\/a> apresentava 12 perfura\u00e7\u00f5es por arma de fogo e 13 facadas na regi\u00e3o da face.<\/p>\n<p style=\"text-align: justify;\">A v\u00edtima n\u00e3o apresentava nenhum tipo de identifica\u00e7\u00e3o oficial, sendo apurado que possivelmente a arma utilizada seria um revolver, pois n\u00e3o foram localizados estojos deflagrados, sendo o corpo removido para o necrot\u00e9rio do IML onde passara por exame de necropsia e posterior libera\u00e7\u00e3o aos familiares. As investiga\u00e7\u00f5es est\u00e3o a cargo da Delegacia de Homic\u00eddios.<\/p>\n<p><em>(Fonte: www.jtribunapopular.com.br \/ Fotos: Enrique Alliana)<\/em><\/p>\n<p><a href=\"http:\/\/diadianoticias.com.br\/wp-content\/uploads\/2015\/01\/7406-db9dbde0e1d85a85e9eee5038dca8de5.jpg\"><img loading=\"lazy\" decoding=\"async\" class=\"alignleft size-thumbnail wp-image-15747\" src=\"http:\/\/diadianoticias.com.br\/wp-content\/uploads\/2015\/01\/7406-db9dbde0e1d85a85e9eee5038dca8de5-150x150.jpg\" alt=\"7406-db9dbde0e1d85a85e9eee5038dca8de5\" width=\"150\" height=\"150\" \/><\/a><a href=\"http:\/\/diadianoticias.com.br\/wp-content\/uploads\/2015\/01\/7406-30175eba9f634586d93b5923bb8bb975.jpg\"><img loading=\"lazy\" decoding=\"async\" class=\"alignleft size-thumbnail wp-image-15746\" src=\"http:\/\/diadianoticias.com.br\/wp-content\/uploads\/2015\/01\/7406-30175eba9f634586d93b5923bb8bb975-150x150.jpg\" alt=\"7406-30175eba9f634586d93b5923bb8bb975\" width=\"150\" height=\"150\" \/><\/a><\/p>\n<p>&nbsp;<\/p>\n","protected":false},"excerpt":{"rendered":"<div class=\"mh-excerpt\"><p>Na madrugada desta quarta-feira, 21 de janeiro de 2015, por volta das 02h:40min, socorristas do Siate (Sistema Integrado de Atendimento ao Trauma e Emerg\u00eancia) do Corpo de Bombeiros de Foz do Igua\u00e7u, juntamente com policiais <a class=\"mh-excerpt-more\" href=\"https:\/\/diadianoticias.com.br\/?p=15750\" title=\"Homem \u00e9 assassinado com 12 tiros e 13 facadas\">[&#8230;]<\/a><\/p>\n<\/div>","protected":false},"author":4,"featured_media":15745,"comment_status":"open","ping_status":"open","sticky":false,"template":"","format":"standard","meta":{"footnotes":""},"categories":[14],"tags":[],"class_list":{"0":"post-15750","1":"post","2":"type-post","3":"status-publish","4":"format-standard","5":"has-post-thumbnail","7":"category-paran"},"_links":{"self":[{"href":"https:\/\/diadianoticias.com.br\/index.php?rest_route=\/wp\/v2\/posts\/15750","targetHints":{"allow":["GET"]}}],"collection":[{"href":"https:\/\/diadianoticias.com.br\/index.php?rest_route=\/wp\/v2\/posts"}],"about":[{"href":"https:\/\/diadianoticias.com.br\/index.php?rest_route=\/wp\/v2\/types\/post"}],"author":[{"embeddable":true,"href":"https:\/\/diadianoticias.com.br\/index.php?rest_route=\/wp\/v2\/users\/4"}],"replies":[{"embeddable":true,"href":"https:\/\/diadianoticias.com.br\/index.php?rest_route=%2Fwp%2Fv2%2Fcomments&post=15750"}],"version-history":[{"count":0,"href":"https:\/\/diadianoticias.com.br\/index.php?rest_route=\/wp\/v2\/posts\/15750\/revisions"}],"wp:featuredmedia":[{"embeddable":true,"href":"https:\/\/diadianoticias.com.br\/index.php?rest_route=\/wp\/v2\/media\/15745"}],"wp:attachment":[{"href":"https:\/\/diadianoticias.com.br\/index.php?rest_route=%2Fwp%2Fv2%2Fmedia&parent=15750"}],"wp:term":[{"taxonomy":"category","embeddable":true,"href":"https:\/\/diadianoticias.com.br\/index.php?rest_route=%2Fwp%2Fv2%2Fcategories&post=15750"},{"taxonomy":"post_tag","embeddable":true,"href":"https:\/\/diadianoticias.com.br\/index.php?rest_route=%2Fwp%2Fv2%2Ftags&post=15750"}],"curies":[{"name":"wp","href":"https:\/\/api.w.org\/{rel}","templated":true}]}}