{"id":15731,"date":"2015-01-21T09:43:27","date_gmt":"2015-01-21T09:43:27","guid":{"rendered":"http:\/\/diadianoticias.com.br\/?p=15731"},"modified":"2015-01-21T09:47:22","modified_gmt":"2015-01-21T09:47:22","slug":"sinal-de-radio-vindo-do-espaco-intriga-cientistas","status":"publish","type":"post","link":"https:\/\/diadianoticias.com.br\/?p=15731","title":{"rendered":"Sinal de r\u00e1dio vindo do espa\u00e7o intriga cientistas"},"content":{"rendered":"<p style=\"text-align: justify;\"><a href=\"http:\/\/diadianoticias.com.br\/wp-content\/uploads\/2015\/01\/g_sinal-de-radio.jpg\"><img loading=\"lazy\" decoding=\"async\" class=\"alignleft size-medium wp-image-15734\" src=\"http:\/\/diadianoticias.com.br\/wp-content\/uploads\/2015\/01\/g_sinal-de-radio-300x187.jpg\" alt=\"g_sinal-de-radio\" width=\"300\" height=\"187\" srcset=\"https:\/\/diadianoticias.com.br\/wp-content\/uploads\/2015\/01\/g_sinal-de-radio-300x187.jpg 300w, https:\/\/diadianoticias.com.br\/wp-content\/uploads\/2015\/01\/g_sinal-de-radio.jpg 550w\" sizes=\"auto, (max-width: 300px) 100vw, 300px\" \/><\/a>Astr\u00f4nomos detectaram, pela primeira vez, uma onda de r\u00e1dio r\u00e1pida, um flash curto de ondas de r\u00e1dio, de uma fonte desconhecida. A descoberta intriga os cientistas, que tentam explicar o fen\u00f4meno.<\/p>\n<p style=\"text-align: justify;\">Com dura\u00e7\u00e3o de apenas milissegundos, o sinal de r\u00e1dio foi descoberto em 2007 por astr\u00f4nomos que faziam um pente fino em arquivos de dados do telesc\u00f3pio Parkes.Exatamente o que pode estar causando esses ru\u00eddos c\u00f3smicos representa um novo enigma. Entre as explica\u00e7\u00f5es poss\u00edveis est\u00e3o a evapora\u00e7\u00e3o de buracos negros, fus\u00f5es de estrelas de n\u00eautrons e, claro, comunica\u00e7\u00e3o alien\u00edgena.<\/p>\n<p style=\"text-align: justify;\">Outros seis flashs de r\u00e1dio, aparentemente originados fora de nossa gal\u00e1xia, foram encontrados, em tempo real. A caracter\u00edstica do sinal de r\u00e1dio indica que a fonte da emiss\u00e3o est\u00e1 a mais de 5,5 bilh\u00f5es de anos luz.<\/p>\n<p style=\"text-align: justify;\">&#8220;Isso significa que a emiss\u00e3o consumiu mais energia em poucos milissegundos do que o sol produz em um dia&#8221;, explicou o\u00a0Dr. Daniele Malesani, da Universidade de Copenhagen.<\/p>\n<p><em>(O Di\u00e1rio)<\/em><\/p>\n","protected":false},"excerpt":{"rendered":"<div class=\"mh-excerpt\"><p>Astr\u00f4nomos detectaram, pela primeira vez, uma onda de r\u00e1dio r\u00e1pida, um flash curto de ondas de r\u00e1dio, de uma fonte desconhecida. A descoberta intriga os cientistas, que tentam explicar o fen\u00f4meno. Com dura\u00e7\u00e3o de apenas <a class=\"mh-excerpt-more\" href=\"https:\/\/diadianoticias.com.br\/?p=15731\" title=\"Sinal de r\u00e1dio vindo do espa\u00e7o intriga cientistas\">[&#8230;]<\/a><\/p>\n<\/div>","protected":false},"author":4,"featured_media":15734,"comment_status":"open","ping_status":"open","sticky":false,"template":"","format":"standard","meta":{"footnotes":""},"categories":[27],"tags":[],"class_list":{"0":"post-15731","1":"post","2":"type-post","3":"status-publish","4":"format-standard","5":"has-post-thumbnail","7":"category-ciencia-meioambiente"},"_links":{"self":[{"href":"https:\/\/diadianoticias.com.br\/index.php?rest_route=\/wp\/v2\/posts\/15731","targetHints":{"allow":["GET"]}}],"collection":[{"href":"https:\/\/diadianoticias.com.br\/index.php?rest_route=\/wp\/v2\/posts"}],"about":[{"href":"https:\/\/diadianoticias.com.br\/index.php?rest_route=\/wp\/v2\/types\/post"}],"author":[{"embeddable":true,"href":"https:\/\/diadianoticias.com.br\/index.php?rest_route=\/wp\/v2\/users\/4"}],"replies":[{"embeddable":true,"href":"https:\/\/diadianoticias.com.br\/index.php?rest_route=%2Fwp%2Fv2%2Fcomments&post=15731"}],"version-history":[{"count":1,"href":"https:\/\/diadianoticias.com.br\/index.php?rest_route=\/wp\/v2\/posts\/15731\/revisions"}],"predecessor-version":[{"id":15733,"href":"https:\/\/diadianoticias.com.br\/index.php?rest_route=\/wp\/v2\/posts\/15731\/revisions\/15733"}],"wp:featuredmedia":[{"embeddable":true,"href":"https:\/\/diadianoticias.com.br\/index.php?rest_route=\/wp\/v2\/media\/15734"}],"wp:attachment":[{"href":"https:\/\/diadianoticias.com.br\/index.php?rest_route=%2Fwp%2Fv2%2Fmedia&parent=15731"}],"wp:term":[{"taxonomy":"category","embeddable":true,"href":"https:\/\/diadianoticias.com.br\/index.php?rest_route=%2Fwp%2Fv2%2Fcategories&post=15731"},{"taxonomy":"post_tag","embeddable":true,"href":"https:\/\/diadianoticias.com.br\/index.php?rest_route=%2Fwp%2Fv2%2Ftags&post=15731"}],"curies":[{"name":"wp","href":"https:\/\/api.w.org\/{rel}","templated":true}]}}