{"id":15721,"date":"2015-01-20T22:44:42","date_gmt":"2015-01-20T22:44:42","guid":{"rendered":"http:\/\/diadianoticias.com.br\/?p=15721"},"modified":"2015-01-20T22:44:42","modified_gmt":"2015-01-20T22:44:42","slug":"menina-de-9-anos-que-estava-desaparecida-e-encontrada-morta-em-canavial","status":"publish","type":"post","link":"https:\/\/diadianoticias.com.br\/?p=15721","title":{"rendered":"Menina de 9 anos que estava desaparecida \u00e9 encontrada morta em canavial"},"content":{"rendered":"<figure id=\"attachment_15722\" aria-describedby=\"caption-attachment-15722\" style=\"width: 300px\" class=\"wp-caption alignleft\"><a href=\"http:\/\/diadianoticias.com.br\/wp-content\/uploads\/2015\/01\/desaparecida_2.jpg\"><img loading=\"lazy\" decoding=\"async\" class=\"size-medium wp-image-15722\" src=\"http:\/\/diadianoticias.com.br\/wp-content\/uploads\/2015\/01\/desaparecida_2-300x225.jpg\" alt=\"Maria Fernanda desapareceu quando ia at\u00e9 um posto de combust\u00edveis comprar cr\u00e9ditos para celular (Foto: Reprodu\u00e7\u00e3o RPC Londrina) \" width=\"300\" height=\"225\" \/><\/a><figcaption id=\"caption-attachment-15722\" class=\"wp-caption-text\">Maria Fernanda desapareceu quando ia at\u00e9 um<br \/>posto de combust\u00edveis comprar cr\u00e9ditos para celular<br \/>(Foto: Reprodu\u00e7\u00e3o RPC Londrina)<\/figcaption><\/figure>\n<p style=\"text-align: justify;\">Foi encontrado no in\u00edcio da tarde desta ter\u00e7a-feira (20), o corpo da crian\u00e7a Maria Fernanda de Jesus Braga, 9 anos, desaparecida desde a manh\u00e3 de domingo (18), em Florest\u00f3polis (66 km de Londrina). Ela foi achada morta escondida embaixo de palhas de um canavial da Fazenda Marrecas, na zona rural.<\/p>\n<p style=\"text-align: justify;\">O suspeito da morte da garota, um trabalhador rural de 43 anos, foi preso pela Pol\u00edcia Civil de Porecatu (79 km de Londrina), que est\u00e1 conduzindo as investiga\u00e7\u00f5es. Por\u00e9m, por conta da como\u00e7\u00e3o popular, o suspeito foi transferido para outra carceragem, n\u00e3o divulgada pelos policiais.<\/p>\n<p style=\"text-align: justify;\">Informa\u00e7\u00f5es preliminares d\u00e3o conta que o suspeito, que mora na fazenda onde o corpo foi localizado, teria confessado o crime logo ap\u00f3s a pris\u00e3o e indicado o local onde teria escondido a crian\u00e7a j\u00e1 morta. Por volta das 15h praticamente todo o efetivo da Delegacia de Porecatu estava nas dilig\u00eancias deste crime, ficando praticamente os respons\u00e1veis pela carceragem.<\/p>\n<p style=\"text-align: justify;\">Peritos do Instituto de Criminal\u00edstica realizavam levantamento na \u00e1rea onde o corpo foi encontrado e o corpo ser\u00e1 encaminhado ao Instituto M\u00e9dico-Legal (IML) de Londrina para exames de necropsia. A pol\u00edcia quer saber tamb\u00e9m se ela foi v\u00edtima de estupro por parte do acusado. \u00c9 que o suspeito tem uma condena\u00e7\u00e3o de 20 anos de pris\u00e3o, no Estado de S\u00e3o Paulo, pelo estupro de outras duas meninas.<\/p>\n<p style=\"text-align: justify;\">A crian\u00e7a desapareceu no domingo pela manh\u00e3, quando saiu de casa para comprar cr\u00e9ditos para o telefone celular de sua m\u00e3e em um posto de combust\u00edvel e n\u00e3o retornou mais.<\/p>\n<p><em>(O Diario \/ Alexandre Sanches)<\/em><\/p>\n<p><strong>\u00a0<\/strong><\/p>\n","protected":false},"excerpt":{"rendered":"<div class=\"mh-excerpt\"><p>Foi encontrado no in\u00edcio da tarde desta ter\u00e7a-feira (20), o corpo da crian\u00e7a Maria Fernanda de Jesus Braga, 9 anos, desaparecida desde a manh\u00e3 de domingo (18), em Florest\u00f3polis (66 km de Londrina). Ela foi <a class=\"mh-excerpt-more\" href=\"https:\/\/diadianoticias.com.br\/?p=15721\" title=\"Menina de 9 anos que estava desaparecida \u00e9 encontrada morta em canavial\">[&#8230;]<\/a><\/p>\n<\/div>","protected":false},"author":4,"featured_media":15722,"comment_status":"open","ping_status":"open","sticky":false,"template":"","format":"standard","meta":{"footnotes":""},"categories":[14],"tags":[],"class_list":{"0":"post-15721","1":"post","2":"type-post","3":"status-publish","4":"format-standard","5":"has-post-thumbnail","7":"category-paran"},"_links":{"self":[{"href":"https:\/\/diadianoticias.com.br\/index.php?rest_route=\/wp\/v2\/posts\/15721","targetHints":{"allow":["GET"]}}],"collection":[{"href":"https:\/\/diadianoticias.com.br\/index.php?rest_route=\/wp\/v2\/posts"}],"about":[{"href":"https:\/\/diadianoticias.com.br\/index.php?rest_route=\/wp\/v2\/types\/post"}],"author":[{"embeddable":true,"href":"https:\/\/diadianoticias.com.br\/index.php?rest_route=\/wp\/v2\/users\/4"}],"replies":[{"embeddable":true,"href":"https:\/\/diadianoticias.com.br\/index.php?rest_route=%2Fwp%2Fv2%2Fcomments&post=15721"}],"version-history":[{"count":0,"href":"https:\/\/diadianoticias.com.br\/index.php?rest_route=\/wp\/v2\/posts\/15721\/revisions"}],"wp:featuredmedia":[{"embeddable":true,"href":"https:\/\/diadianoticias.com.br\/index.php?rest_route=\/wp\/v2\/media\/15722"}],"wp:attachment":[{"href":"https:\/\/diadianoticias.com.br\/index.php?rest_route=%2Fwp%2Fv2%2Fmedia&parent=15721"}],"wp:term":[{"taxonomy":"category","embeddable":true,"href":"https:\/\/diadianoticias.com.br\/index.php?rest_route=%2Fwp%2Fv2%2Fcategories&post=15721"},{"taxonomy":"post_tag","embeddable":true,"href":"https:\/\/diadianoticias.com.br\/index.php?rest_route=%2Fwp%2Fv2%2Ftags&post=15721"}],"curies":[{"name":"wp","href":"https:\/\/api.w.org\/{rel}","templated":true}]}}