{"id":15712,"date":"2015-01-20T22:23:28","date_gmt":"2015-01-20T22:23:28","guid":{"rendered":"http:\/\/diadianoticias.com.br\/?p=15712"},"modified":"2015-01-20T22:30:44","modified_gmt":"2015-01-20T22:30:44","slug":"preso-que-fugiu-so-de-cueca-da-9a-sdp-e-recapturado","status":"publish","type":"post","link":"https:\/\/diadianoticias.com.br\/?p=15712","title":{"rendered":"Preso que fugiu s\u00f3 de cueca da 9\u00aa SDP \u00e9 recapturado"},"content":{"rendered":"<p style=\"text-align: justify;\"><a href=\"http:\/\/diadianoticias.com.br\/wp-content\/uploads\/2015\/01\/1421792531-img_1973.jpg\"><img loading=\"lazy\" decoding=\"async\" class=\"alignleft size-medium wp-image-15718\" src=\"http:\/\/diadianoticias.com.br\/wp-content\/uploads\/2015\/01\/1421792531-img_1973-300x178.jpg\" alt=\"1421792531-img_1973\" width=\"300\" height=\"178\" srcset=\"https:\/\/diadianoticias.com.br\/wp-content\/uploads\/2015\/01\/1421792531-img_1973-300x178.jpg 300w, https:\/\/diadianoticias.com.br\/wp-content\/uploads\/2015\/01\/1421792531-img_1973.jpg 592w\" sizes=\"auto, (max-width: 300px) 100vw, 300px\" \/><\/a>Menos de 24 horas ap\u00f3s fugir do minipres\u00eddio da 9\u00aa Subdivis\u00e3o Policial (SDP), o detento\u00a0Maycon Jonathan dos Santos, 21 anos, foi recapturado e colocado novamente atr\u00e1s das grades nesta ter\u00e7a-feira (20).<\/p>\n<p style=\"text-align: justify;\">No in\u00edcio da tarde de segunda-feira (19), vestindo apenas uma cueca, o rapaz escalou e pulou o muro do minipres\u00eddo. No momento da fuga, Santos estava no p\u00e1tio de sol com os demais detentos enquanto as celas passavam por uma revista.<\/p>\n<p style=\"text-align: justify;\">Hoje, os investigadores da Se\u00e7\u00e3o de Furtos e Roubos receberam a informa\u00e7\u00e3o que o foragido estava escondido em uma resid\u00eancia no Jardim Esperan\u00e7a, em Sarandi, regi\u00e3o metropolitana de Maring\u00e1.<\/p>\n<p style=\"text-align: justify;\">Ao chegarem no endere\u00e7o, os policiais foram impedidos de entrar no im\u00f3vel pela propriet\u00e1ria de 50 anos. Ela alegou que s\u00f3 liberaria a entrada mediante a apresenta\u00e7\u00e3o de um mandado de busca e apreens\u00e3o.<\/p>\n<p style=\"text-align: justify;\">A equipe permaneceu nas imedia\u00e7\u00f5es e minutos depois conseguiu recapturar Santos. Ele foi pego no momento em que tentava uma nova fuga, ap\u00f3s sair da casa pelo telhado, e encaminhado novamente para a 9\u00aa SDP.<\/p>\n<p style=\"text-align: justify;\">A moradora tamb\u00e9m foi detida e levada para delegacia. Ela disse aos policiais que, embora n\u00e3o conhecesse Santos, abrigou o ent\u00e3o foragido porque ele afirmou ser amigo do seu filho que est\u00e1 preso na delegacia de Sarandi.<\/p>\n<p><em>(O Di\u00e1rio \/ Ros\u00e2ngela Gris\u00a0com informa\u00e7\u00f5es de Roberto Silva)<\/em><\/p>\n","protected":false},"excerpt":{"rendered":"<div class=\"mh-excerpt\"><p>Menos de 24 horas ap\u00f3s fugir do minipres\u00eddio da 9\u00aa Subdivis\u00e3o Policial (SDP), o detento\u00a0Maycon Jonathan dos Santos, 21 anos, foi recapturado e colocado novamente atr\u00e1s das grades nesta ter\u00e7a-feira (20). No in\u00edcio da tarde <a class=\"mh-excerpt-more\" href=\"https:\/\/diadianoticias.com.br\/?p=15712\" title=\"Preso que fugiu s\u00f3 de cueca da 9\u00aa SDP \u00e9 recapturado\">[&#8230;]<\/a><\/p>\n<\/div>","protected":false},"author":4,"featured_media":15718,"comment_status":"open","ping_status":"open","sticky":false,"template":"","format":"standard","meta":{"footnotes":""},"categories":[8],"tags":[],"class_list":{"0":"post-15712","1":"post","2":"type-post","3":"status-publish","4":"format-standard","5":"has-post-thumbnail","7":"category-regionais"},"_links":{"self":[{"href":"https:\/\/diadianoticias.com.br\/index.php?rest_route=\/wp\/v2\/posts\/15712","targetHints":{"allow":["GET"]}}],"collection":[{"href":"https:\/\/diadianoticias.com.br\/index.php?rest_route=\/wp\/v2\/posts"}],"about":[{"href":"https:\/\/diadianoticias.com.br\/index.php?rest_route=\/wp\/v2\/types\/post"}],"author":[{"embeddable":true,"href":"https:\/\/diadianoticias.com.br\/index.php?rest_route=\/wp\/v2\/users\/4"}],"replies":[{"embeddable":true,"href":"https:\/\/diadianoticias.com.br\/index.php?rest_route=%2Fwp%2Fv2%2Fcomments&post=15712"}],"version-history":[{"count":1,"href":"https:\/\/diadianoticias.com.br\/index.php?rest_route=\/wp\/v2\/posts\/15712\/revisions"}],"predecessor-version":[{"id":15717,"href":"https:\/\/diadianoticias.com.br\/index.php?rest_route=\/wp\/v2\/posts\/15712\/revisions\/15717"}],"wp:featuredmedia":[{"embeddable":true,"href":"https:\/\/diadianoticias.com.br\/index.php?rest_route=\/wp\/v2\/media\/15718"}],"wp:attachment":[{"href":"https:\/\/diadianoticias.com.br\/index.php?rest_route=%2Fwp%2Fv2%2Fmedia&parent=15712"}],"wp:term":[{"taxonomy":"category","embeddable":true,"href":"https:\/\/diadianoticias.com.br\/index.php?rest_route=%2Fwp%2Fv2%2Fcategories&post=15712"},{"taxonomy":"post_tag","embeddable":true,"href":"https:\/\/diadianoticias.com.br\/index.php?rest_route=%2Fwp%2Fv2%2Ftags&post=15712"}],"curies":[{"name":"wp","href":"https:\/\/api.w.org\/{rel}","templated":true}]}}