{"id":15686,"date":"2015-01-20T20:28:45","date_gmt":"2015-01-20T20:28:45","guid":{"rendered":"http:\/\/diadianoticias.com.br\/?p=15686"},"modified":"2015-01-20T20:38:22","modified_gmt":"2015-01-20T20:38:22","slug":"carreta-de-empresa-cianortense-sai-da-pista-cai-em-ribanceira-e-passageira-morre","status":"publish","type":"post","link":"https:\/\/diadianoticias.com.br\/?p=15686","title":{"rendered":"Carreta de empresa cianortense sai da pista, cai em ribanceira e passageira morre"},"content":{"rendered":"<p style=\"text-align: justify;\"><span data-reactid=\".1ad.$mid=11421785808409=26efcc648cc40bf9e88.2:0.0.0.0.0.0.$end:0:$4:0\"><a href=\"http:\/\/diadianoticias.com.br\/wp-content\/uploads\/2015\/01\/destac-acidente-luz-700x454.jpg\"><img loading=\"lazy\" decoding=\"async\" class=\"alignleft size-medium wp-image-15680\" src=\"http:\/\/diadianoticias.com.br\/wp-content\/uploads\/2015\/01\/destac-acidente-luz-700x454-300x195.jpg\" alt=\"destac-acidente-luz-700x454\" width=\"300\" height=\"195\" srcset=\"https:\/\/diadianoticias.com.br\/wp-content\/uploads\/2015\/01\/destac-acidente-luz-700x454-300x195.jpg 300w, https:\/\/diadianoticias.com.br\/wp-content\/uploads\/2015\/01\/destac-acidente-luz-700x454.jpg 700w\" sizes=\"auto, (max-width: 300px) 100vw, 300px\" \/><\/a>Uma pessoa morreu e outra ficou ferida em um acidente na tarde desta segunda-feira (19), no quil\u00f4metro 508 da BR-262, em Luz-MG. O ve\u00edculo pertence a uma empresa de alimentos de Cianorte-PR.<\/span><\/p>\n<p style=\"text-align: justify;\"><span data-reactid=\".1ad.$mid=11421785808409=26efcc648cc40bf9e88.2:0.0.0.0.0.0.$end:0:$6:0\">De acordo com a Pol\u00edcia Rodovi\u00e1ria Federal (PRF), o motorista de uma carreta carregada com alimentos perdeu o controle da dire\u00e7\u00e3o em uma curva, invadiu a pista contr\u00e1ria e caiu em uma ribanceira. <\/span><\/p>\n<p style=\"text-align: justify;\"><span data-reactid=\".1ad.$mid=11421785808409=26efcc648cc40bf9e88.2:0.0.0.0.0.0.$end:0:$8:0\">Segundo a PRF, o condutor do ve\u00edculo teve ferimentos leves. Ele foi socorrido e levado para o hospital na cidade de Luz. J\u00e1 a mulher dele, de 45 anos, \u00fanica passageira da carreta, morreu na hora. N\u00e3o houve interdi\u00e7\u00e3o na pista.<\/span><br data-reactid=\".1ad.$mid=11421785808409=26efcc648cc40bf9e88.2:0.0.0.0.0.0.$end:0:$9:0\" \/><span data-reactid=\".1ad.$mid=11421785808409=26efcc648cc40bf9e88.2:0.0.0.0.0.0.$end:0:$10:0\">(G1)<\/span><\/p>\n","protected":false},"excerpt":{"rendered":"<div class=\"mh-excerpt\"><p>Uma pessoa morreu e outra ficou ferida em um acidente na tarde desta segunda-feira (19), no quil\u00f4metro 508 da BR-262, em Luz-MG. O ve\u00edculo pertence a uma empresa de alimentos de Cianorte-PR. De acordo com <a class=\"mh-excerpt-more\" href=\"https:\/\/diadianoticias.com.br\/?p=15686\" title=\"Carreta de empresa cianortense sai da pista, cai em ribanceira e passageira morre\">[&#8230;]<\/a><\/p>\n<\/div>","protected":false},"author":1,"featured_media":15680,"comment_status":"open","ping_status":"open","sticky":false,"template":"","format":"standard","meta":{"footnotes":""},"categories":[12],"tags":[],"class_list":{"0":"post-15686","1":"post","2":"type-post","3":"status-publish","4":"format-standard","5":"has-post-thumbnail","7":"category-cidade"},"_links":{"self":[{"href":"https:\/\/diadianoticias.com.br\/index.php?rest_route=\/wp\/v2\/posts\/15686","targetHints":{"allow":["GET"]}}],"collection":[{"href":"https:\/\/diadianoticias.com.br\/index.php?rest_route=\/wp\/v2\/posts"}],"about":[{"href":"https:\/\/diadianoticias.com.br\/index.php?rest_route=\/wp\/v2\/types\/post"}],"author":[{"embeddable":true,"href":"https:\/\/diadianoticias.com.br\/index.php?rest_route=\/wp\/v2\/users\/1"}],"replies":[{"embeddable":true,"href":"https:\/\/diadianoticias.com.br\/index.php?rest_route=%2Fwp%2Fv2%2Fcomments&post=15686"}],"version-history":[{"count":3,"href":"https:\/\/diadianoticias.com.br\/index.php?rest_route=\/wp\/v2\/posts\/15686\/revisions"}],"predecessor-version":[{"id":15690,"href":"https:\/\/diadianoticias.com.br\/index.php?rest_route=\/wp\/v2\/posts\/15686\/revisions\/15690"}],"wp:featuredmedia":[{"embeddable":true,"href":"https:\/\/diadianoticias.com.br\/index.php?rest_route=\/wp\/v2\/media\/15680"}],"wp:attachment":[{"href":"https:\/\/diadianoticias.com.br\/index.php?rest_route=%2Fwp%2Fv2%2Fmedia&parent=15686"}],"wp:term":[{"taxonomy":"category","embeddable":true,"href":"https:\/\/diadianoticias.com.br\/index.php?rest_route=%2Fwp%2Fv2%2Fcategories&post=15686"},{"taxonomy":"post_tag","embeddable":true,"href":"https:\/\/diadianoticias.com.br\/index.php?rest_route=%2Fwp%2Fv2%2Ftags&post=15686"}],"curies":[{"name":"wp","href":"https:\/\/api.w.org\/{rel}","templated":true}]}}