{"id":15664,"date":"2015-01-20T10:21:43","date_gmt":"2015-01-20T10:21:43","guid":{"rendered":"http:\/\/diadianoticias.com.br\/?p=15664"},"modified":"2015-01-20T10:25:15","modified_gmt":"2015-01-20T10:25:15","slug":"em-plena-luz-do-dia-preso-foge-so-de-cueca-de-minipresidio","status":"publish","type":"post","link":"https:\/\/diadianoticias.com.br\/?p=15664","title":{"rendered":"Em plena luz do dia, preso foge s\u00f3 de cueca de minipres\u00eddio"},"content":{"rendered":"<p style=\"text-align: justify;\"><a href=\"http:\/\/diadianoticias.com.br\/wp-content\/uploads\/2015\/01\/presidio.jpg\"><img loading=\"lazy\" decoding=\"async\" class=\"alignleft size-medium wp-image-15671\" src=\"http:\/\/diadianoticias.com.br\/wp-content\/uploads\/2015\/01\/presidio-300x187.jpg\" alt=\"presidio\" width=\"300\" height=\"187\" srcset=\"https:\/\/diadianoticias.com.br\/wp-content\/uploads\/2015\/01\/presidio-300x187.jpg 300w, https:\/\/diadianoticias.com.br\/wp-content\/uploads\/2015\/01\/presidio.jpg 635w\" sizes=\"auto, (max-width: 300px) 100vw, 300px\" \/><\/a>Um detento conseguiu pular o muro do Minipres\u00eddio da 9\u00aa Subdivis\u00e3o de Pol\u00edcia de Maring\u00e1 e fugiu apenas de cueca. O caso aconteceu por volta das 14h desta segunda-feira (19). Esta foi a primeira fuga registrada na cadeia da 9\u00aa SDP neste ano.<\/p>\n<p style=\"text-align: justify;\">De acordo com a pol\u00edcia, o detento &#8211;\u00a0Maycon Jonathan Dos Santos, 21 anos &#8211;\u00a0estava no p\u00e1tio, junto com outros presos, enquanto era realizada uma revista nas celas. Os colegas de pris\u00e3o fizeram uma pir\u00e2mide humana e Santos conseguiu pular o muro e fugir, apenas de cueca vermelha. Ele saiu correndo pela Avenida Mandacaru e n\u00e3o foi localizado pelos policiais. O fugitivo estava encarcerado desde 27 de outubro do ano passado, acusado de furto e roubo.<\/p>\n<p style=\"text-align: justify;\">O delegado-chefe da 9\u00aa SDP, Osmir Ferreira Neves J\u00fanior, instaurou inqu\u00e9rito policial para investigar as circunst\u00e2ncias da fuga.<\/p>\n<p style=\"text-align: justify;\"><strong>Apreens\u00f5es<\/strong><\/p>\n<p style=\"text-align: justify;\">Durante a opera\u00e7\u00e3o de revista das celas do Minipres\u00eddio foram encontrados\u00a0cinco celulares, tr\u00eas carregadores, um fone de ouvido, seis barras de ferro retiradas da estrutura da cadeia, 16 g de maconha, 405 g de fumo de corda e v\u00e1rios ganchos (conhecidos como fisgas), que s\u00e3o usados pelos presos com cordas improvisadas para fiscas sacolas jogadas no p\u00e1tio. A opera\u00e7\u00e3o de hoje foi determinada porque policias viram os presos fisgando uma sacola que havia sido jogada de fora da cadeia.<\/p>\n<p><em>(O Di\u00e1rio)<\/em><\/p>\n","protected":false},"excerpt":{"rendered":"<div class=\"mh-excerpt\"><p>Um detento conseguiu pular o muro do Minipres\u00eddio da 9\u00aa Subdivis\u00e3o de Pol\u00edcia de Maring\u00e1 e fugiu apenas de cueca. O caso aconteceu por volta das 14h desta segunda-feira (19). Esta foi a primeira fuga <a class=\"mh-excerpt-more\" href=\"https:\/\/diadianoticias.com.br\/?p=15664\" title=\"Em plena luz do dia, preso foge s\u00f3 de cueca de minipres\u00eddio\">[&#8230;]<\/a><\/p>\n<\/div>","protected":false},"author":4,"featured_media":15671,"comment_status":"open","ping_status":"open","sticky":false,"template":"","format":"standard","meta":{"footnotes":""},"categories":[8],"tags":[],"class_list":{"0":"post-15664","1":"post","2":"type-post","3":"status-publish","4":"format-standard","5":"has-post-thumbnail","7":"category-regionais"},"_links":{"self":[{"href":"https:\/\/diadianoticias.com.br\/index.php?rest_route=\/wp\/v2\/posts\/15664","targetHints":{"allow":["GET"]}}],"collection":[{"href":"https:\/\/diadianoticias.com.br\/index.php?rest_route=\/wp\/v2\/posts"}],"about":[{"href":"https:\/\/diadianoticias.com.br\/index.php?rest_route=\/wp\/v2\/types\/post"}],"author":[{"embeddable":true,"href":"https:\/\/diadianoticias.com.br\/index.php?rest_route=\/wp\/v2\/users\/4"}],"replies":[{"embeddable":true,"href":"https:\/\/diadianoticias.com.br\/index.php?rest_route=%2Fwp%2Fv2%2Fcomments&post=15664"}],"version-history":[{"count":1,"href":"https:\/\/diadianoticias.com.br\/index.php?rest_route=\/wp\/v2\/posts\/15664\/revisions"}],"predecessor-version":[{"id":15670,"href":"https:\/\/diadianoticias.com.br\/index.php?rest_route=\/wp\/v2\/posts\/15664\/revisions\/15670"}],"wp:featuredmedia":[{"embeddable":true,"href":"https:\/\/diadianoticias.com.br\/index.php?rest_route=\/wp\/v2\/media\/15671"}],"wp:attachment":[{"href":"https:\/\/diadianoticias.com.br\/index.php?rest_route=%2Fwp%2Fv2%2Fmedia&parent=15664"}],"wp:term":[{"taxonomy":"category","embeddable":true,"href":"https:\/\/diadianoticias.com.br\/index.php?rest_route=%2Fwp%2Fv2%2Fcategories&post=15664"},{"taxonomy":"post_tag","embeddable":true,"href":"https:\/\/diadianoticias.com.br\/index.php?rest_route=%2Fwp%2Fv2%2Ftags&post=15664"}],"curies":[{"name":"wp","href":"https:\/\/api.w.org\/{rel}","templated":true}]}}