{"id":1399,"date":"2011-03-08T16:54:19","date_gmt":"2011-03-08T16:54:19","guid":{"rendered":""},"modified":"2011-03-08T16:54:19","modified_gmt":"2011-03-08T16:54:19","slug":"veiculo-?-atingido-5-tiros-e-condutor-morre-baleado-na-av.-minas-gerais-em-cianorte","status":"publish","type":"post","link":"https:\/\/diadianoticias.com.br\/?p=1399","title":{"rendered":"VEICULO \u00c9 ATINGIDO 5 TIROS E CONDUTOR MORRE BALEADO NA AV. MINAS GERAIS EM CIANORTE"},"content":{"rendered":"<p>Na madrugada desta ter\u00e7a-feira (08) por volta das 04h15, o jovem Jair Estevam da Silva, de 29 anos, foi assassinado quando dirigia seu veiculo  GM Omega, com placas BQE 2926, de  Cianorte, pela  Avenida Minas Gerais.<br \/>\nDe acordo com as informa\u00e7\u00f5es, uma motocicleta deparou-se com o veiculo e seu condutor efetuou pelo menos 5 disparos que vieram atingir a porta do veiculo. A v\u00edtima ent\u00e3o perdeu o controle do ve\u00edculo, atravessou a pista de caminhada, estourou o alambrado que cerca o parque e bateu em uma \u00e1rvore.<br \/>\nA v\u00edtima foi alvejada por um disparo nas costas, outro na altura da costela e um outro atingiu o cotovelo do bra\u00e7o esquerdo. No veiculo tamb\u00e9m estava a jovem K. T. F., de 19 anos, residente na Rua Iguatemi, Vila Sete. A jovem tinha um ferimento no joelho, provavelmente provocado por um dos disparos, e tamb\u00e9m sentia dores pelo corpo devido ao impacto do ve\u00edculo contra a \u00e1rvore.<br \/>\nO corpo de Bombeiros esteve no local porem o condutor do ve\u00edculo j\u00e1 se encontrava em \u00f3bito, j\u00e1 a passageira foi encaminhada em estado grave, por\u00e9m sem risco a vida ao Hospital Santa Casa.<br \/>\nDe acordo com a Pol\u00edcia Militar, a jovem contou que eles estavam do lado de fora de um bar e por volta das 4h, ela teria pedido uma carona para ele. Um desintendimento entre a vitima e o agressor momentos antes do crime pode ser o motivo do assassinato. A Pol\u00edcia Civil de Cianorte come\u00e7a agora o trabalho de investiga\u00e7\u00e3o para tentar chegar ao respons\u00e1vel pelo homicidio.<br \/>\nO corpo de Jair Estevam da Silva foi encaminhado ao IML de Campo Mour\u00e3o. Este \u00e9 o terceiro homic\u00eddio do ano na cidade. <\/p>\n<p>Reda\u00e7\u00e3o<\/p>\n","protected":false},"excerpt":{"rendered":"<div class=\"mh-excerpt\"><p>Na madrugada desta ter\u00e7a-feira (08) por volta das 04h15, o jovem Jair Estevam da Silva, de 29 anos, foi assassinado quando dirigia seu veiculo GM Omega, com placas BQE 2926, de Cianorte, pela Avenida Minas <a class=\"mh-excerpt-more\" href=\"https:\/\/diadianoticias.com.br\/?p=1399\" title=\"VEICULO \u00c9 ATINGIDO 5 TIROS E CONDUTOR MORRE BALEADO NA AV. MINAS GERAIS EM CIANORTE\">[&#8230;]<\/a><\/p>\n<\/div>","protected":false},"author":0,"featured_media":0,"comment_status":"open","ping_status":"open","sticky":false,"template":"","format":"standard","meta":{"footnotes":""},"categories":[5],"tags":[],"class_list":{"0":"post-1399","1":"post","2":"type-post","3":"status-publish","4":"format-standard","6":"category-policiais"},"_links":{"self":[{"href":"https:\/\/diadianoticias.com.br\/index.php?rest_route=\/wp\/v2\/posts\/1399","targetHints":{"allow":["GET"]}}],"collection":[{"href":"https:\/\/diadianoticias.com.br\/index.php?rest_route=\/wp\/v2\/posts"}],"about":[{"href":"https:\/\/diadianoticias.com.br\/index.php?rest_route=\/wp\/v2\/types\/post"}],"replies":[{"embeddable":true,"href":"https:\/\/diadianoticias.com.br\/index.php?rest_route=%2Fwp%2Fv2%2Fcomments&post=1399"}],"version-history":[{"count":0,"href":"https:\/\/diadianoticias.com.br\/index.php?rest_route=\/wp\/v2\/posts\/1399\/revisions"}],"wp:attachment":[{"href":"https:\/\/diadianoticias.com.br\/index.php?rest_route=%2Fwp%2Fv2%2Fmedia&parent=1399"}],"wp:term":[{"taxonomy":"category","embeddable":true,"href":"https:\/\/diadianoticias.com.br\/index.php?rest_route=%2Fwp%2Fv2%2Fcategories&post=1399"},{"taxonomy":"post_tag","embeddable":true,"href":"https:\/\/diadianoticias.com.br\/index.php?rest_route=%2Fwp%2Fv2%2Ftags&post=1399"}],"curies":[{"name":"wp","href":"https:\/\/api.w.org\/{rel}","templated":true}]}}