{"id":1398,"date":"2011-03-07T16:54:19","date_gmt":"2011-03-07T16:54:19","guid":{"rendered":""},"modified":"2011-03-07T16:54:19","modified_gmt":"2011-03-07T16:54:19","slug":"assalto-em-hotel-de-moreira-sales-deixa-h?spede-gravemente-ferido","status":"publish","type":"post","link":"https:\/\/diadianoticias.com.br\/?p=1398","title":{"rendered":"ASSALTO EM HOTEL DE MOREIRA SALES DEIXA H\u00d3SPEDE GRAVEMENTE FERIDO"},"content":{"rendered":"<p>Tr\u00eas homens invadiram a portaria do Hotel Horizonte, em Moreira Sales, por volta das 2h30min desta sexta-feira, sendo que um deles estava armado com um rev\u00f3lver e outro com uma faca. Depois de dominarem o porteiro e roubarem sua carteira, contendo R$ 70,00, os assaltantes obrigaram o porteiro a acompanh\u00e1-los at\u00e9 os quartos, onde estavam os h\u00f3spedes.<br \/>\n     Todavia, no primeiro quarto em que entraram o h\u00f3spede, um homem que mora em Maring\u00e1 e cujo nome n\u00e3o foi divulgado, reagiu ao assalto e foi esfaqueado por um dos bandidos. Com a rea\u00e7\u00e3o, houve tumulto e os bandidos fugiram, sem deixar pistas.<br \/>\n     O homem ferido foi encaminhado primeiro ao Posto de Sa\u00fade de Moreira Sales e, devido \u00e0 gravidade dos ferimentos, foi encaminhado para um hospital de Campo Mour\u00e3o, onde iria ser submetido a uma cirurgia no abd\u00f4men.<\/p>\n<p>(Informa\u00e7\u00f5es Goionews)<\/p>\n","protected":false},"excerpt":{"rendered":"<div class=\"mh-excerpt\"><p>Tr\u00eas homens invadiram a portaria do Hotel Horizonte, em Moreira Sales, por volta das 2h30min desta sexta-feira, sendo que um deles estava armado com um rev\u00f3lver e outro com uma faca. Depois de dominarem o <a class=\"mh-excerpt-more\" href=\"https:\/\/diadianoticias.com.br\/?p=1398\" title=\"ASSALTO EM HOTEL DE MOREIRA SALES DEIXA H\u00d3SPEDE GRAVEMENTE FERIDO\">[&#8230;]<\/a><\/p>\n<\/div>","protected":false},"author":0,"featured_media":0,"comment_status":"open","ping_status":"open","sticky":false,"template":"","format":"standard","meta":{"footnotes":""},"categories":[5],"tags":[],"class_list":{"0":"post-1398","1":"post","2":"type-post","3":"status-publish","4":"format-standard","6":"category-policiais"},"_links":{"self":[{"href":"https:\/\/diadianoticias.com.br\/index.php?rest_route=\/wp\/v2\/posts\/1398","targetHints":{"allow":["GET"]}}],"collection":[{"href":"https:\/\/diadianoticias.com.br\/index.php?rest_route=\/wp\/v2\/posts"}],"about":[{"href":"https:\/\/diadianoticias.com.br\/index.php?rest_route=\/wp\/v2\/types\/post"}],"replies":[{"embeddable":true,"href":"https:\/\/diadianoticias.com.br\/index.php?rest_route=%2Fwp%2Fv2%2Fcomments&post=1398"}],"version-history":[{"count":0,"href":"https:\/\/diadianoticias.com.br\/index.php?rest_route=\/wp\/v2\/posts\/1398\/revisions"}],"wp:attachment":[{"href":"https:\/\/diadianoticias.com.br\/index.php?rest_route=%2Fwp%2Fv2%2Fmedia&parent=1398"}],"wp:term":[{"taxonomy":"category","embeddable":true,"href":"https:\/\/diadianoticias.com.br\/index.php?rest_route=%2Fwp%2Fv2%2Fcategories&post=1398"},{"taxonomy":"post_tag","embeddable":true,"href":"https:\/\/diadianoticias.com.br\/index.php?rest_route=%2Fwp%2Fv2%2Ftags&post=1398"}],"curies":[{"name":"wp","href":"https:\/\/api.w.org\/{rel}","templated":true}]}}