{"id":1386,"date":"2011-03-02T16:54:19","date_gmt":"2011-03-02T16:54:19","guid":{"rendered":""},"modified":"2011-03-02T16:54:19","modified_gmt":"2011-03-02T16:54:19","slug":"acusado-de-hom?cio-ocorrido-em-2009-?-preso-pela-pol?cia-de-cianorte","status":"publish","type":"post","link":"https:\/\/diadianoticias.com.br\/?p=1386","title":{"rendered":"ACUSADO DE HOM\u00cdCIO OCORRIDO EM 2009 \u00c9 PRESO PELA POL\u00cdCIA DE CIANORTE"},"content":{"rendered":"<p>Na tarde desta ter\u00e7a-feira (01), por volta das 16h00min, a Central de Oper\u00e3\u00e7\u00f5es da Pol\u00edcia Militar de Cianorte recebeu informa\u00e7\u00f5es de forma an\u00f4nima e deslocou varios policiais at\u00e9 a Avenida Jorge Nacre esquina com Rua Jose Testa, em uma constru\u00e7\u00e3o, onde detiveram Pedro da Silva, 30 anos, conhecido como ?PEDRINHO DO CASSIDORI?.<br \/>\nDe acordo com as informa\u00e7\u00f5es ele teria cometido um homic\u00eddio no dia 19 setembro de 2009 no Jardim Cassidori, onde a v\u00edtima, Wilson Fernando Nunes, 23 anos, ficou gravemente ferido com um tiro na cabe\u00e7a e entrou em \u00f3bito a caminho do hospital.<br \/>\nO acusado ?Pedrinho Cassidori? foi ent\u00e3o considerado fugitivo da justi\u00e7a, j\u00e1 que na \u00e9poca do crime ele cumpria pris\u00e3o em regime semiaberto.<br \/>\nAp\u00f3s a pris\u00e3o, o acusado foi levado para a 51\u00aa Delegacia de Pol\u00edcia de Cianorte e agora est\u00e1 a disposi\u00e7\u00e3o da justi\u00e7a.<\/p>\n<p>Foto: GN<\/p>\n","protected":false},"excerpt":{"rendered":"<div class=\"mh-excerpt\"><p>Na tarde desta ter\u00e7a-feira (01), por volta das 16h00min, a Central de Oper\u00e3\u00e7\u00f5es da Pol\u00edcia Militar de Cianorte recebeu informa\u00e7\u00f5es de forma an\u00f4nima e deslocou varios policiais at\u00e9 a Avenida Jorge Nacre esquina com Rua <a class=\"mh-excerpt-more\" href=\"https:\/\/diadianoticias.com.br\/?p=1386\" title=\"ACUSADO DE HOM\u00cdCIO OCORRIDO EM 2009 \u00c9 PRESO PELA POL\u00cdCIA DE CIANORTE\">[&#8230;]<\/a><\/p>\n<\/div>","protected":false},"author":0,"featured_media":0,"comment_status":"open","ping_status":"open","sticky":false,"template":"","format":"standard","meta":{"footnotes":""},"categories":[5],"tags":[],"class_list":{"0":"post-1386","1":"post","2":"type-post","3":"status-publish","4":"format-standard","6":"category-policiais"},"_links":{"self":[{"href":"https:\/\/diadianoticias.com.br\/index.php?rest_route=\/wp\/v2\/posts\/1386","targetHints":{"allow":["GET"]}}],"collection":[{"href":"https:\/\/diadianoticias.com.br\/index.php?rest_route=\/wp\/v2\/posts"}],"about":[{"href":"https:\/\/diadianoticias.com.br\/index.php?rest_route=\/wp\/v2\/types\/post"}],"replies":[{"embeddable":true,"href":"https:\/\/diadianoticias.com.br\/index.php?rest_route=%2Fwp%2Fv2%2Fcomments&post=1386"}],"version-history":[{"count":0,"href":"https:\/\/diadianoticias.com.br\/index.php?rest_route=\/wp\/v2\/posts\/1386\/revisions"}],"wp:attachment":[{"href":"https:\/\/diadianoticias.com.br\/index.php?rest_route=%2Fwp%2Fv2%2Fmedia&parent=1386"}],"wp:term":[{"taxonomy":"category","embeddable":true,"href":"https:\/\/diadianoticias.com.br\/index.php?rest_route=%2Fwp%2Fv2%2Fcategories&post=1386"},{"taxonomy":"post_tag","embeddable":true,"href":"https:\/\/diadianoticias.com.br\/index.php?rest_route=%2Fwp%2Fv2%2Ftags&post=1386"}],"curies":[{"name":"wp","href":"https:\/\/api.w.org\/{rel}","templated":true}]}}