{"id":1094,"date":"2010-04-27T16:54:19","date_gmt":"2010-04-27T16:54:19","guid":{"rendered":""},"modified":"2010-04-27T16:54:19","modified_gmt":"2010-04-27T16:54:19","slug":"?ii-noite-de-talentos?-da-escola-vicente-machado","status":"publish","type":"post","link":"https:\/\/diadianoticias.com.br\/?p=1094","title":{"rendered":"?II NOITE DE TALENTOS? DA ESCOLA VICENTE MACHADO"},"content":{"rendered":"<p>A ?II Noite de Talentos?, promovida na \u00faltima sexta-feira (23) pela Escola Municipal Vicente Machado reuniu centenas de pessoas no Centro de Eventos. No palco, 16 apresenta\u00e7\u00f5es de dan\u00e7as t\u00edpicas brasileiras e de outros pa\u00edses. Entre elas, frevo, twist, dan\u00e7a italiana, japonesa e portuguesa. Cerca de 300 alunos participaram do espet\u00e1culo.<\/p>\n<p>?As professoras e os alunos desenvolveram um belo trabalho. As apresenta\u00e7\u00f5es foram \u00f3timas, as crian\u00e7as estavam entrosadas e satisfeitas. O p\u00fablico compareceu em peso e ficamos muito felizes com o resultado?, afirmou o prefeito Edno Guimar\u00e3es.<\/p>\n<p>Para o vice-prefeito Jos\u00e9 Antonio Laguilo, ?a Escola Municipal Vicente Machado est\u00e1 de parab\u00e9ns pela ?II Noite de Talentos?. Al\u00e9m de promover a integra\u00e7\u00e3o entre a escola e a comunidade, as crian\u00e7as aprendem e ao mesmo tempo se divertem?.<\/p>\n<p>O secret\u00e1rio de Educa\u00e7\u00e3o Pedro Edgar Moreno Aguilera tamb\u00e9m aprovou o evento. ?Fico satisfeito quando vejo a comunidade prestigiando este tipo de iniciativa, porque sabemos que a crian\u00e7a aprende muito com atividades que envolvem arte e a cultura. Temos que cada vez mais investir nesta \u00e1rea, para que novos talentos possam ser despertados e tamb\u00e9m para que as crian\u00e7as desenvolvam a express\u00e3o corporal e conhe\u00e7am melhor cultura brasileira e a cultura de outros pa\u00edses?.<\/p>\n<p>A diretora da escola, Silvana Lemos Oliveira Couto, avaliou a noite como um ?sucesso?. Isso porque ?conseguimos passar cultura para o p\u00fablico, que apesar da chuva, compareceu em peso. A escola foi muito elogiada e as crian\u00e7as adoraram participar das apresenta\u00e7\u00f5es. S\u00f3 temos motivos para agradecer a todos que abrilhantaram este evento.<\/p>\n<p>Segundo Silvana, ?os objetivos do evento foram trabalhar a oralidade e a express\u00e3o corporal dos alunos e, ainda, mostrar seus talentos art\u00edsticos. Para isso, fizemos uma contextualiza\u00e7\u00e3o em sala de aula, apresentando a hist\u00f3ria das dan\u00e7as e os tra\u00e7os de diferentes culturas. Os alunos subiram ao palco, carregando consigo toda uma bagagem de conhecimento?.<\/p>\n<p>Al\u00e9m das autoridades anteriormente citadas, participaram da ?II Noite de Talentos?, o vereador Antonio Marques, representando a C\u00e2mara Municipal; a professora Zitue Mukai, representando o N\u00facleo Regional de Educa\u00e7\u00e3o; as chefes de divis\u00f5es municipais Zilma de Lima (Ensino Fundamental) e Zilda de Assis Gracioli (Documenta\u00e7\u00e3o Escolar); a coordenadora da EJA, Dora Lucia de Oliveira Garcia; as diretoras Ros\u00e1lia Toledo Almeida (Jardim Aeroporto) e Eliane Aparecida Lopes (Ov\u00eddio Franzoni);  Maria Concei\u00e7\u00e3o Gon\u00e7alves, representando a Secretaria de Bem Estar Social; e F\u00e1tima Aparecida Sanguino, representando o Conselho Tutelar.<\/p>\n<p>Fonte: PMC<\/p>\n","protected":false},"excerpt":{"rendered":"<div class=\"mh-excerpt\"><p>A ?II Noite de Talentos?, promovida na \u00faltima sexta-feira (23) pela Escola Municipal Vicente Machado reuniu centenas de pessoas no Centro de Eventos. No palco, 16 apresenta\u00e7\u00f5es de dan\u00e7as t\u00edpicas brasileiras e de outros pa\u00edses. <a class=\"mh-excerpt-more\" href=\"https:\/\/diadianoticias.com.br\/?p=1094\" title=\"?II NOITE DE TALENTOS? DA ESCOLA VICENTE MACHADO\">[&#8230;]<\/a><\/p>\n<\/div>","protected":false},"author":0,"featured_media":0,"comment_status":"open","ping_status":"open","sticky":false,"template":"","format":"standard","meta":{"footnotes":""},"categories":[15],"tags":[],"class_list":{"0":"post-1094","1":"post","2":"type-post","3":"status-publish","4":"format-standard","6":"category-educacao"},"_links":{"self":[{"href":"https:\/\/diadianoticias.com.br\/index.php?rest_route=\/wp\/v2\/posts\/1094","targetHints":{"allow":["GET"]}}],"collection":[{"href":"https:\/\/diadianoticias.com.br\/index.php?rest_route=\/wp\/v2\/posts"}],"about":[{"href":"https:\/\/diadianoticias.com.br\/index.php?rest_route=\/wp\/v2\/types\/post"}],"replies":[{"embeddable":true,"href":"https:\/\/diadianoticias.com.br\/index.php?rest_route=%2Fwp%2Fv2%2Fcomments&post=1094"}],"version-history":[{"count":0,"href":"https:\/\/diadianoticias.com.br\/index.php?rest_route=\/wp\/v2\/posts\/1094\/revisions"}],"wp:attachment":[{"href":"https:\/\/diadianoticias.com.br\/index.php?rest_route=%2Fwp%2Fv2%2Fmedia&parent=1094"}],"wp:term":[{"taxonomy":"category","embeddable":true,"href":"https:\/\/diadianoticias.com.br\/index.php?rest_route=%2Fwp%2Fv2%2Fcategories&post=1094"},{"taxonomy":"post_tag","embeddable":true,"href":"https:\/\/diadianoticias.com.br\/index.php?rest_route=%2Fwp%2Fv2%2Ftags&post=1094"}],"curies":[{"name":"wp","href":"https:\/\/api.w.org\/{rel}","templated":true}]}}