{"id":1033,"date":"2010-03-30T16:54:19","date_gmt":"2010-03-30T16:54:19","guid":{"rendered":""},"modified":"2010-03-30T16:54:19","modified_gmt":"2010-03-30T16:54:19","slug":"com-garrafa-quebrada,-garoto-assalta-aposentada-de-83-anos","status":"publish","type":"post","link":"https:\/\/diadianoticias.com.br\/?p=1033","title":{"rendered":"COM GARRAFA QUEBRADA, GAROTO ASSALTA APOSENTADA DE 83 ANOS"},"content":{"rendered":"<p>Uma suposta d\u00edvida de crack levou um adolescente de 13 anos a usar uma garrafa quebrada para atacar uma aposentada de 83 anos. Ao tentar reagir ao roubo, a v\u00edtima acabou sendo ferida na m\u00e3o. O autor do crime ? ou infra\u00e7\u00e3o penal, como determina o Estatuto da Crian\u00e7a e do Adolescente (ECA) ? foi apreendido minutos depois pela Pol\u00edcia Militar (PM), ainda em posse da carteira da v\u00edtima, que portava R$ 154 em dinheiro. <\/p>\n<p>O assalto aconteceu por volta das 9 horas desta segunda-feira (29) na Avenida Cerro Azul, imedia\u00e7\u00f5es da C\u00e2mara Municipal de Maring\u00e1. A caminho de uma panificadora, a idosa foi surpreendida pelo adolescente, que amea\u00e7ou-a com um gargalo de garrafa e exigiu que ela entregasse a carteira que carregava na m\u00e3o. Mesmo diante do risco, a idosa n\u00e3o atendeu a ordem e s\u00f3 entregou a carteira depois de sofrer um corte na m\u00e3o direita. <\/p>\n<p>Acionada por populares, a Pol\u00edcia Militar localizou o garoto, instantes depois, no p\u00e1tio da Catedral. A carteira foi recuperada. Conduzido \u00e0 delegacia, o menino contou que s\u00f3 atacou a aposentada porque havia sido amea\u00e7ado de morte por um traficante para o qual estaria devendo R$ 100 em crack. ?Ele (traficante) me encontrou dormindo na Pra\u00e7a Raposo Tavares, apontou uma arma pra mim e avisou que se eu n\u00e3o o pagasse, eu seria morto?, relatou o adolescente. <\/p>\n<p>Em entrevista \u00e0 R\u00e1dio Cultura AM, o garoto contou que come\u00e7ou usar crack aos sete anos de idade, incentivado por um tio, morto h\u00e1 cerca de dois anos em S\u00e3o Paulo (SP). Desde ent\u00e3o, passou a furtar objetos em casa e assaltar pessoas nas ruas para sustentar o v\u00edcio. Ainda segundo ele, sua situa\u00e7\u00e3o se agravou em 2007, depois de ser expulso de casa e da escola.<\/p>\n<p>?Em casa eu roubava tudo e na escola tentei esganar um moleque?, resumiu ele. At\u00e9 o final da tarde desta segunda, o futuro do garoto era incerto. A decis\u00e3o est\u00e1 a cargo da Vara da Inf\u00e2ncia e Juventude.<\/p>\n<p>Fonte: O Diario Maring\u00e1<\/p>\n","protected":false},"excerpt":{"rendered":"<div class=\"mh-excerpt\"><p>Uma suposta d\u00edvida de crack levou um adolescente de 13 anos a usar uma garrafa quebrada para atacar uma aposentada de 83 anos. Ao tentar reagir ao roubo, a v\u00edtima acabou sendo ferida na m\u00e3o. <a class=\"mh-excerpt-more\" href=\"https:\/\/diadianoticias.com.br\/?p=1033\" title=\"COM GARRAFA QUEBRADA, GAROTO ASSALTA APOSENTADA DE 83 ANOS\">[&#8230;]<\/a><\/p>\n<\/div>","protected":false},"author":0,"featured_media":0,"comment_status":"open","ping_status":"open","sticky":false,"template":"","format":"standard","meta":{"footnotes":""},"categories":[8],"tags":[],"class_list":{"0":"post-1033","1":"post","2":"type-post","3":"status-publish","4":"format-standard","6":"category-regionais"},"_links":{"self":[{"href":"https:\/\/diadianoticias.com.br\/index.php?rest_route=\/wp\/v2\/posts\/1033","targetHints":{"allow":["GET"]}}],"collection":[{"href":"https:\/\/diadianoticias.com.br\/index.php?rest_route=\/wp\/v2\/posts"}],"about":[{"href":"https:\/\/diadianoticias.com.br\/index.php?rest_route=\/wp\/v2\/types\/post"}],"replies":[{"embeddable":true,"href":"https:\/\/diadianoticias.com.br\/index.php?rest_route=%2Fwp%2Fv2%2Fcomments&post=1033"}],"version-history":[{"count":0,"href":"https:\/\/diadianoticias.com.br\/index.php?rest_route=\/wp\/v2\/posts\/1033\/revisions"}],"wp:attachment":[{"href":"https:\/\/diadianoticias.com.br\/index.php?rest_route=%2Fwp%2Fv2%2Fmedia&parent=1033"}],"wp:term":[{"taxonomy":"category","embeddable":true,"href":"https:\/\/diadianoticias.com.br\/index.php?rest_route=%2Fwp%2Fv2%2Fcategories&post=1033"},{"taxonomy":"post_tag","embeddable":true,"href":"https:\/\/diadianoticias.com.br\/index.php?rest_route=%2Fwp%2Fv2%2Ftags&post=1033"}],"curies":[{"name":"wp","href":"https:\/\/api.w.org\/{rel}","templated":true}]}}