{"id":1023,"date":"2010-03-24T16:54:19","date_gmt":"2010-03-24T16:54:19","guid":{"rendered":""},"modified":"2010-03-24T16:54:19","modified_gmt":"2010-03-24T16:54:19","slug":"adolescente-acusado-de-furtar-televisor-?-apreendido-pela-pol?cia","status":"publish","type":"post","link":"https:\/\/diadianoticias.com.br\/?p=1023","title":{"rendered":"ADOLESCENTE ACUSADO DE FURTAR TELEVISOR \u00c9 APREENDIDO PELA POL\u00cdCIA"},"content":{"rendered":"<p>Por volta das 15h26min policiais militares compareceram na Rua Amb\u00fa, esquina com Ligeiro, onde informaram que dois adolescentes, em atitudes suspeitas, empurravam uma bicicleta com um televisor de 29 polegadas, em seguida, com a aproxima\u00e7\u00e3o policial um dos suspeitos saiu correndo e homiziou-se na mata do Parque Mandhu\u00ed, ficando no local um adolescente de 15 anos, o qual, ao ser indagado com rela\u00e7\u00e3o ao aparelho de TV da marca Phillco, acabou confessando que: com o apoio do adolescente que havia fugido, conhecido apenas por WAGNER, subtra\u00edram o aparelho de TV da resid\u00eancia de sua M\u00e3e, localizada na Rua Solim\u00f5es, cujo fim n\u00e3o soube informar, motivo pelo qual foi apreendido e encaminhado \u00e0 Delegacia de Pol\u00edcia para demais provid\u00eancias cab\u00edveis.<\/p>\n<p>Fonte: PM<\/p>\n","protected":false},"excerpt":{"rendered":"<div class=\"mh-excerpt\"><p>Por volta das 15h26min policiais militares compareceram na Rua Amb\u00fa, esquina com Ligeiro, onde informaram que dois adolescentes, em atitudes suspeitas, empurravam uma bicicleta com um televisor de 29 polegadas, em seguida, com a aproxima\u00e7\u00e3o <a class=\"mh-excerpt-more\" href=\"https:\/\/diadianoticias.com.br\/?p=1023\" title=\"ADOLESCENTE ACUSADO DE FURTAR TELEVISOR \u00c9 APREENDIDO PELA POL\u00cdCIA\">[&#8230;]<\/a><\/p>\n<\/div>","protected":false},"author":0,"featured_media":0,"comment_status":"open","ping_status":"open","sticky":false,"template":"","format":"standard","meta":{"footnotes":""},"categories":[5],"tags":[],"class_list":{"0":"post-1023","1":"post","2":"type-post","3":"status-publish","4":"format-standard","6":"category-policiais"},"_links":{"self":[{"href":"https:\/\/diadianoticias.com.br\/index.php?rest_route=\/wp\/v2\/posts\/1023","targetHints":{"allow":["GET"]}}],"collection":[{"href":"https:\/\/diadianoticias.com.br\/index.php?rest_route=\/wp\/v2\/posts"}],"about":[{"href":"https:\/\/diadianoticias.com.br\/index.php?rest_route=\/wp\/v2\/types\/post"}],"replies":[{"embeddable":true,"href":"https:\/\/diadianoticias.com.br\/index.php?rest_route=%2Fwp%2Fv2%2Fcomments&post=1023"}],"version-history":[{"count":0,"href":"https:\/\/diadianoticias.com.br\/index.php?rest_route=\/wp\/v2\/posts\/1023\/revisions"}],"wp:attachment":[{"href":"https:\/\/diadianoticias.com.br\/index.php?rest_route=%2Fwp%2Fv2%2Fmedia&parent=1023"}],"wp:term":[{"taxonomy":"category","embeddable":true,"href":"https:\/\/diadianoticias.com.br\/index.php?rest_route=%2Fwp%2Fv2%2Fcategories&post=1023"},{"taxonomy":"post_tag","embeddable":true,"href":"https:\/\/diadianoticias.com.br\/index.php?rest_route=%2Fwp%2Fv2%2Ftags&post=1023"}],"curies":[{"name":"wp","href":"https:\/\/api.w.org\/{rel}","templated":true}]}}