{"id":1021,"date":"2010-03-23T16:54:19","date_gmt":"2010-03-23T16:54:19","guid":{"rendered":""},"modified":"2010-03-23T16:54:19","modified_gmt":"2010-03-23T16:54:19","slug":"ladr?es-tomam-motoneta-em-assalto-na-avenida-allan-kardec","status":"publish","type":"post","link":"https:\/\/diadianoticias.com.br\/?p=1021","title":{"rendered":"LADR\u00d5ES TOMAM MOTONETA EM ASSALTO NA AVENIDA ALLAN KARDEC"},"content":{"rendered":"<p>Por volta das 21h15min, Policiais Militares solicitados compareceram na Avenida Allan Kardec esquina com Rua Dom Pedro, o solicitante o Senhor M. F. residente na Rua Francisco Tourinho informou que no momento em que saia do CEBEJA, com sua motoneta Honda Biz C 100 de cor preta com placa ANV 3958 de Cianorte, foi surpreendido por dois indiv\u00edduos sendo um trajando camisa na cor laranja e bermuda com capacete preto e de posse de uma arma de fogo do tipo revolver e o outro individuo que conduzia uma motocicleta Honda Titan 150 de cor preta, sendo que o indiv\u00edduo que estava na garupa da motocicleta desceu e deu voz de assalto \u00e0 v\u00edtima, embarcando na garupa da biz que a v\u00edtima a conduzia, pedindo que fosse em dire\u00e7\u00e3o a Avenida Mato Grosso, onde pediu para que a v\u00edtima  descesse e o condutor juntamente com o comparsa, retornou e seguiu em dire\u00e7\u00e3o a Avenida S\u00e3o Paulo, onde n\u00e3o foram localizados. <\/p>\n<p>Fonte: PM<\/p>\n","protected":false},"excerpt":{"rendered":"<div class=\"mh-excerpt\"><p>Por volta das 21h15min, Policiais Militares solicitados compareceram na Avenida Allan Kardec esquina com Rua Dom Pedro, o solicitante o Senhor M. F. residente na Rua Francisco Tourinho informou que no momento em que saia <a class=\"mh-excerpt-more\" href=\"https:\/\/diadianoticias.com.br\/?p=1021\" title=\"LADR\u00d5ES TOMAM MOTONETA EM ASSALTO NA AVENIDA ALLAN KARDEC\">[&#8230;]<\/a><\/p>\n<\/div>","protected":false},"author":0,"featured_media":0,"comment_status":"open","ping_status":"open","sticky":false,"template":"","format":"standard","meta":{"footnotes":""},"categories":[5],"tags":[],"class_list":{"0":"post-1021","1":"post","2":"type-post","3":"status-publish","4":"format-standard","6":"category-policiais"},"_links":{"self":[{"href":"https:\/\/diadianoticias.com.br\/index.php?rest_route=\/wp\/v2\/posts\/1021","targetHints":{"allow":["GET"]}}],"collection":[{"href":"https:\/\/diadianoticias.com.br\/index.php?rest_route=\/wp\/v2\/posts"}],"about":[{"href":"https:\/\/diadianoticias.com.br\/index.php?rest_route=\/wp\/v2\/types\/post"}],"replies":[{"embeddable":true,"href":"https:\/\/diadianoticias.com.br\/index.php?rest_route=%2Fwp%2Fv2%2Fcomments&post=1021"}],"version-history":[{"count":0,"href":"https:\/\/diadianoticias.com.br\/index.php?rest_route=\/wp\/v2\/posts\/1021\/revisions"}],"wp:attachment":[{"href":"https:\/\/diadianoticias.com.br\/index.php?rest_route=%2Fwp%2Fv2%2Fmedia&parent=1021"}],"wp:term":[{"taxonomy":"category","embeddable":true,"href":"https:\/\/diadianoticias.com.br\/index.php?rest_route=%2Fwp%2Fv2%2Fcategories&post=1021"},{"taxonomy":"post_tag","embeddable":true,"href":"https:\/\/diadianoticias.com.br\/index.php?rest_route=%2Fwp%2Fv2%2Ftags&post=1021"}],"curies":[{"name":"wp","href":"https:\/\/api.w.org\/{rel}","templated":true}]}}