{"id":1013,"date":"2010-03-12T16:54:19","date_gmt":"2010-03-12T16:54:19","guid":{"rendered":""},"modified":"2010-03-12T16:54:19","modified_gmt":"2010-03-12T16:54:19","slug":"rapaz-de-21-anos-?-preso-acusado-de-assaltar-vendedor-de-sorvetes-de-84-anos","status":"publish","type":"post","link":"https:\/\/diadianoticias.com.br\/?p=1013","title":{"rendered":"RAPAZ DE 21 ANOS \u00c9 PRESO ACUSADO DE ASSALTAR VENDEDOR DE SORVETES DE 84 ANOS"},"content":{"rendered":"<p>Por volta das 15h13min policiais militares compareceram no prolongamento da Av. Gale\u00e3o, imedia\u00e7\u00f5es da antiga Acrenorte, onde o Sr. M. V., 83 anos, relatou que enquanto vendia sorvetes com seu carrinho foi abordado por um meliante que, exibindo uma faca, passou a amea\u00e7a-lo para que entregasse todo seu dinheiro, em seguida, ap\u00f3s subtrair da v\u00edtima cerca de R$ 24,00 (vinte e quatro) reais, tal meliante evadiu-se do local por\u00e9m, ap\u00f3s buscas e dilig\u00eancias, os policiais militares lograram \u00eaxito em localiza-lo, tratando-se de J. B. C., 21 anos, que, al\u00e9m de encontrar-se com o produto do furto e com a faca usada no il\u00edcito, foi reconhecido pela v\u00edtima, motivo pelo qual foi detido e encaminhado \u00e0 Delegacia de Pol\u00edcia para lavratura do Flagrante Delito.<\/p>\n<p>Fonte: PM<\/p>\n","protected":false},"excerpt":{"rendered":"<div class=\"mh-excerpt\"><p>Por volta das 15h13min policiais militares compareceram no prolongamento da Av. Gale\u00e3o, imedia\u00e7\u00f5es da antiga Acrenorte, onde o Sr. M. V., 83 anos, relatou que enquanto vendia sorvetes com seu carrinho foi abordado por um <a class=\"mh-excerpt-more\" href=\"https:\/\/diadianoticias.com.br\/?p=1013\" title=\"RAPAZ DE 21 ANOS \u00c9 PRESO ACUSADO DE ASSALTAR VENDEDOR DE SORVETES DE 84 ANOS\">[&#8230;]<\/a><\/p>\n<\/div>","protected":false},"author":0,"featured_media":0,"comment_status":"open","ping_status":"open","sticky":false,"template":"","format":"standard","meta":{"footnotes":""},"categories":[5],"tags":[],"class_list":{"0":"post-1013","1":"post","2":"type-post","3":"status-publish","4":"format-standard","6":"category-policiais"},"_links":{"self":[{"href":"https:\/\/diadianoticias.com.br\/index.php?rest_route=\/wp\/v2\/posts\/1013","targetHints":{"allow":["GET"]}}],"collection":[{"href":"https:\/\/diadianoticias.com.br\/index.php?rest_route=\/wp\/v2\/posts"}],"about":[{"href":"https:\/\/diadianoticias.com.br\/index.php?rest_route=\/wp\/v2\/types\/post"}],"replies":[{"embeddable":true,"href":"https:\/\/diadianoticias.com.br\/index.php?rest_route=%2Fwp%2Fv2%2Fcomments&post=1013"}],"version-history":[{"count":0,"href":"https:\/\/diadianoticias.com.br\/index.php?rest_route=\/wp\/v2\/posts\/1013\/revisions"}],"wp:attachment":[{"href":"https:\/\/diadianoticias.com.br\/index.php?rest_route=%2Fwp%2Fv2%2Fmedia&parent=1013"}],"wp:term":[{"taxonomy":"category","embeddable":true,"href":"https:\/\/diadianoticias.com.br\/index.php?rest_route=%2Fwp%2Fv2%2Fcategories&post=1013"},{"taxonomy":"post_tag","embeddable":true,"href":"https:\/\/diadianoticias.com.br\/index.php?rest_route=%2Fwp%2Fv2%2Ftags&post=1013"}],"curies":[{"name":"wp","href":"https:\/\/api.w.org\/{rel}","templated":true}]}}