{"id":1007,"date":"2010-03-11T16:54:19","date_gmt":"2010-03-11T16:54:19","guid":{"rendered":""},"modified":"2010-03-11T16:54:19","modified_gmt":"2010-03-11T16:54:19","slug":"pai-vai-defender-a-filha-?-agredido-pelo-genro-e-todo-mundo-acaba-na-delegacia","status":"publish","type":"post","link":"https:\/\/diadianoticias.com.br\/?p=1007","title":{"rendered":"PAI VAI DEFENDER A FILHA \u00c9 AGREDIDO PELO GENRO E TODO MUNDO ACABA NA DELEGACIA"},"content":{"rendered":"<p>Por volta das 14h45min, Policiais Militares compareceram na Rua Curuila a solicitante a senhora de 47 anos, informou que seu Genro teria se envolvido em uma briga com a sua filha, sendo que a solicitante ao tomar conhecimento, chamou seu esposo e foram buscar a filha bem como alguns objetos e roupas de uso pessoais da mesma e leva ? l\u00e1 para sua casa, o genro enfurecido, passou a agredir a sogra e tamb\u00e9m o sogro um senhor com 69 anos de idade, com socos e ponta p\u00e9s, vendo as agress\u00f5es do genro, o SOGRO, apanhou uma arma de fogo, tipo revolver que guardava a mais de vinte anos em sua casa para se defender das agress\u00f5es do genro, mas n\u00e3o houve nenhum disparo, os Policiais efetuaram a apreens\u00e3o da arma, a pris\u00e3o do dono da arma e em seguida efetuaram a pris\u00e3o do agressor o senhor G. N. C. 31 anos, que foram encaminhados para a Delegacia de Policia para as providencias. <\/p>\n<p>Fonte: PM<\/p>\n","protected":false},"excerpt":{"rendered":"<div class=\"mh-excerpt\"><p>Por volta das 14h45min, Policiais Militares compareceram na Rua Curuila a solicitante a senhora de 47 anos, informou que seu Genro teria se envolvido em uma briga com a sua filha, sendo que a solicitante <a class=\"mh-excerpt-more\" href=\"https:\/\/diadianoticias.com.br\/?p=1007\" title=\"PAI VAI DEFENDER A FILHA \u00c9 AGREDIDO PELO GENRO E TODO MUNDO ACABA NA DELEGACIA\">[&#8230;]<\/a><\/p>\n<\/div>","protected":false},"author":0,"featured_media":0,"comment_status":"open","ping_status":"open","sticky":false,"template":"","format":"standard","meta":{"footnotes":""},"categories":[5],"tags":[],"class_list":{"0":"post-1007","1":"post","2":"type-post","3":"status-publish","4":"format-standard","6":"category-policiais"},"_links":{"self":[{"href":"https:\/\/diadianoticias.com.br\/index.php?rest_route=\/wp\/v2\/posts\/1007","targetHints":{"allow":["GET"]}}],"collection":[{"href":"https:\/\/diadianoticias.com.br\/index.php?rest_route=\/wp\/v2\/posts"}],"about":[{"href":"https:\/\/diadianoticias.com.br\/index.php?rest_route=\/wp\/v2\/types\/post"}],"replies":[{"embeddable":true,"href":"https:\/\/diadianoticias.com.br\/index.php?rest_route=%2Fwp%2Fv2%2Fcomments&post=1007"}],"version-history":[{"count":0,"href":"https:\/\/diadianoticias.com.br\/index.php?rest_route=\/wp\/v2\/posts\/1007\/revisions"}],"wp:attachment":[{"href":"https:\/\/diadianoticias.com.br\/index.php?rest_route=%2Fwp%2Fv2%2Fmedia&parent=1007"}],"wp:term":[{"taxonomy":"category","embeddable":true,"href":"https:\/\/diadianoticias.com.br\/index.php?rest_route=%2Fwp%2Fv2%2Fcategories&post=1007"},{"taxonomy":"post_tag","embeddable":true,"href":"https:\/\/diadianoticias.com.br\/index.php?rest_route=%2Fwp%2Fv2%2Ftags&post=1007"}],"curies":[{"name":"wp","href":"https:\/\/api.w.org\/{rel}","templated":true}]}}