{"id":10028,"date":"2013-07-04T00:45:19","date_gmt":"2013-07-04T00:45:19","guid":{"rendered":"http:\/\/diadianoticias.com.br\/?p=10028"},"modified":"2013-07-04T00:45:19","modified_gmt":"2013-07-04T00:45:19","slug":"projeto-que-obriga-motociclista-a-usar-colete-com-airbag-passa-por-comissao-do-senado","status":"publish","type":"post","link":"https:\/\/diadianoticias.com.br\/?p=10028","title":{"rendered":"Projeto que obriga motociclista a usar colete com airbag passa por comiss\u00e3o do Senado"},"content":{"rendered":"<p style=\"text-align: justify;\"><a href=\"http:\/\/diadianoticias.com.br\/wp-content\/uploads\/2013\/07\/images-15.jpg\"><img loading=\"lazy\" decoding=\"async\" class=\"alignleft size-full wp-image-10029\" title=\"images (15)\" src=\"http:\/\/diadianoticias.com.br\/wp-content\/uploads\/2013\/07\/images-15.jpg\" alt=\"\" width=\"259\" height=\"194\" \/><\/a>Condutores e passageiros de motocicletas no Brasil podem ser obrigados a usar colete ou jaqueta com airbag. Um substitutivo da senadora Ana Am\u00e9lia (PP-RS) ao Projeto de Lei do Senado (PLS) 404\/2012 com a previs\u00e3o foi aprovado nesta quarta-feira (03) pela Comiss\u00e3o de Assuntos Sociais (CAS) do Senado. A proposta ainda deve passar por pelo menos outras duas comiss\u00f5es na Casa e, se aprovada, segue para a C\u00e2mara dos Deputados.<\/p>\n<p style=\"text-align: justify;\">O texto aprovado pela CAS estabelece que os motociclistas ter\u00e3o prazo de tr\u00eas anos para adapta\u00e7\u00e3o do colete com airbag. A proposta tamb\u00e9m altera a Lei dos Motoboys (Lei 12.009\/2009) para obrigar o uso de dispositivos retrorreflexivos nas roupas. O vestu\u00e1rio de seguran\u00e7a dever\u00e1 ser dado aos motoboys pelas empresas ou pessoa que empregar ou contratar o condutor, quando o motociclista trabalhar como aut\u00f4nomo. A tramita\u00e7\u00e3o da mat\u00e9ria e os textos do projeto original e do substitutivo podem ser lidos na p\u00e1gina do Senado.<\/p>\n<p style=\"text-align: justify;\">Al\u00e9m do colete airbag, tamb\u00e9m constam como itens obrigat\u00f3rios capacete, botas, luvas e vestimenta que cubra todo o corpo. O texto tamb\u00e9m altera o C\u00f3digo de Tr\u00e2nsito Brasileiro (CTB) \u2013 Lei 9.503\/1997 \u2013 para determinar que a n\u00e3o utiliza\u00e7\u00e3o desses equipamentos de seguran\u00e7a, tanto pelo motociclista quanto pelo passageiro, seja considerada infra\u00e7\u00e3o grav\u00edssima.<\/p>\n<p style=\"text-align: justify;\">A senadora Ana Am\u00e9lia (PP-RS) manteve no substitutivo a isen\u00e7\u00e3o do Imposto sobre Produtos Industrializados (IPI) e do Imposto de Importa\u00e7\u00e3o para os coletes e partes acess\u00f3rias, mas retirou do texto final a exclus\u00e3o do pagamento do PIS\/Pasep e do Financiamento da Seguridade Social (Cofins), como queria o autor do projeto original, senador Humberto Costa (PT-PE).<\/p>\n<p><em>(Ag\u00eancia Brasil)<\/em><\/p>\n","protected":false},"excerpt":{"rendered":"<div class=\"mh-excerpt\"><p>Condutores e passageiros de motocicletas no Brasil podem ser obrigados a usar colete ou jaqueta com airbag. Um substitutivo da senadora Ana Am\u00e9lia (PP-RS) ao Projeto de Lei do Senado (PLS) 404\/2012 com a previs\u00e3o <a class=\"mh-excerpt-more\" href=\"https:\/\/diadianoticias.com.br\/?p=10028\" title=\"Projeto que obriga motociclista a usar colete com airbag passa por comiss\u00e3o do Senado\">[&#8230;]<\/a><\/p>\n<\/div>","protected":false},"author":4,"featured_media":10029,"comment_status":"open","ping_status":"open","sticky":false,"template":"","format":"standard","meta":{"footnotes":""},"categories":[11],"tags":[],"class_list":{"0":"post-10028","1":"post","2":"type-post","3":"status-publish","4":"format-standard","5":"has-post-thumbnail","7":"category-diversas"},"_links":{"self":[{"href":"https:\/\/diadianoticias.com.br\/index.php?rest_route=\/wp\/v2\/posts\/10028","targetHints":{"allow":["GET"]}}],"collection":[{"href":"https:\/\/diadianoticias.com.br\/index.php?rest_route=\/wp\/v2\/posts"}],"about":[{"href":"https:\/\/diadianoticias.com.br\/index.php?rest_route=\/wp\/v2\/types\/post"}],"author":[{"embeddable":true,"href":"https:\/\/diadianoticias.com.br\/index.php?rest_route=\/wp\/v2\/users\/4"}],"replies":[{"embeddable":true,"href":"https:\/\/diadianoticias.com.br\/index.php?rest_route=%2Fwp%2Fv2%2Fcomments&post=10028"}],"version-history":[{"count":1,"href":"https:\/\/diadianoticias.com.br\/index.php?rest_route=\/wp\/v2\/posts\/10028\/revisions"}],"predecessor-version":[{"id":10030,"href":"https:\/\/diadianoticias.com.br\/index.php?rest_route=\/wp\/v2\/posts\/10028\/revisions\/10030"}],"wp:featuredmedia":[{"embeddable":true,"href":"https:\/\/diadianoticias.com.br\/index.php?rest_route=\/wp\/v2\/media\/10029"}],"wp:attachment":[{"href":"https:\/\/diadianoticias.com.br\/index.php?rest_route=%2Fwp%2Fv2%2Fmedia&parent=10028"}],"wp:term":[{"taxonomy":"category","embeddable":true,"href":"https:\/\/diadianoticias.com.br\/index.php?rest_route=%2Fwp%2Fv2%2Fcategories&post=10028"},{"taxonomy":"post_tag","embeddable":true,"href":"https:\/\/diadianoticias.com.br\/index.php?rest_route=%2Fwp%2Fv2%2Ftags&post=10028"}],"curies":[{"name":"wp","href":"https:\/\/api.w.org\/{rel}","templated":true}]}}