{"id":10021,"date":"2013-07-04T00:35:15","date_gmt":"2013-07-04T00:35:15","guid":{"rendered":"http:\/\/diadianoticias.com.br\/?p=10021"},"modified":"2013-07-04T00:35:15","modified_gmt":"2013-07-04T00:35:15","slug":"jovem-e-assassinado-com-tiro-no-pescoco-enquanto-dirigia","status":"publish","type":"post","link":"https:\/\/diadianoticias.com.br\/?p=10021","title":{"rendered":"Jovem \u00e9 assassinado com tiro no pesco\u00e7o enquanto dirigia"},"content":{"rendered":"<p style=\"text-align: justify;\"><a href=\"http:\/\/diadianoticias.com.br\/wp-content\/uploads\/2013\/07\/3cec9c1dab12f0d7de9b78d036923aed-landscape.jpg\"><img loading=\"lazy\" decoding=\"async\" class=\"alignleft size-medium wp-image-10025\" title=\"3cec9c1dab12f0d7de9b78d036923aed-landscape\" src=\"http:\/\/diadianoticias.com.br\/wp-content\/uploads\/2013\/07\/3cec9c1dab12f0d7de9b78d036923aed-landscape-300x168.jpg\" alt=\"\" width=\"300\" height=\"168\" srcset=\"https:\/\/diadianoticias.com.br\/wp-content\/uploads\/2013\/07\/3cec9c1dab12f0d7de9b78d036923aed-landscape-300x168.jpg 300w, https:\/\/diadianoticias.com.br\/wp-content\/uploads\/2013\/07\/3cec9c1dab12f0d7de9b78d036923aed-landscape.jpg 800w\" sizes=\"auto, (max-width: 300px) 100vw, 300px\" \/><\/a>O crime aconteceu por volta das 15h00 desta quarta-feira (03) no cruzamento da Rua Juscelino Kubitschek com a Rua Souza Naves, no Jardim Albuquerque, bairro de Campo Mour\u00e3o.<\/p>\n<p style=\"text-align: justify;\">Uma equipe do Corpo de Bombeiros esteve no local, mas nada pode fazer.<\/p>\n<p>De acordo com informa\u00e7\u00f5es da delegada Maria Nysa Moreira Nanni, Wilker Pereira Lopes, 20 anos, levou um tiro na regi\u00e3o do pesco\u00e7o. &#8220;Populares afirmaram que o atirador estava <a href=\"http:\/\/diadianoticias.com.br\/wp-content\/uploads\/2013\/07\/cb1ceea64a7ca393c29443a80d0b68ea-landscape.jpg\"><img loading=\"lazy\" decoding=\"async\" class=\"alignright size-medium wp-image-10024\" title=\"cb1ceea64a7ca393c29443a80d0b68ea-landscape\" src=\"http:\/\/diadianoticias.com.br\/wp-content\/uploads\/2013\/07\/cb1ceea64a7ca393c29443a80d0b68ea-landscape-300x225.jpg\" alt=\"\" width=\"300\" height=\"225\" srcset=\"https:\/\/diadianoticias.com.br\/wp-content\/uploads\/2013\/07\/cb1ceea64a7ca393c29443a80d0b68ea-landscape-300x225.jpg 300w, https:\/\/diadianoticias.com.br\/wp-content\/uploads\/2013\/07\/cb1ceea64a7ca393c29443a80d0b68ea-landscape.jpg 800w\" sizes=\"auto, (max-width: 300px) 100vw, 300px\" \/><\/a>em motocicleta e disparou com o carro em movimento, que saiu da pista e subiu a cal\u00e7ada&#8221;, comentou a delegada.<\/p>\n<p>Os moradores do bairro falaram ainda que o motoqueiro perseguiu o ve\u00edculo Gol por v\u00e1rias ruas do bairro.<\/p>\n<p>A Pol\u00edcia Civil come\u00e7ou os trabalhos de investiga\u00e7\u00e3o ainda no local. O jovem n\u00e3o possui passagens pela pol\u00edcia, e tamb\u00e9m n\u00e3o era conhecido no meio policial.<\/p>\n<p>O corpo foi retirado do local por um ve\u00edculo do Prever e encaminhado ao Instituto M\u00e9dico Legal de Campo Mour\u00e3o.<\/p>\n<p>Este foi o 14\u00ba homic\u00eddio do ano em Campo Mour\u00e3o.<\/p>\n<p>(Ta Sabendo \/ Fernando Lorenzzo)<\/p>\n<p><a href=\"http:\/\/diadianoticias.com.br\/wp-content\/uploads\/2013\/07\/587f7439746d4267319586a235b1d047-landscape.jpg\"><img loading=\"lazy\" decoding=\"async\" class=\"alignleft size-thumbnail wp-image-10023\" title=\"587f7439746d4267319586a235b1d047-landscape\" src=\"http:\/\/diadianoticias.com.br\/wp-content\/uploads\/2013\/07\/587f7439746d4267319586a235b1d047-landscape-150x150.jpg\" alt=\"\" width=\"150\" height=\"150\" \/><\/a><a href=\"http:\/\/diadianoticias.com.br\/wp-content\/uploads\/2013\/07\/13211654abd16a99b92fda805932d231-landscape.jpg\"><img loading=\"lazy\" decoding=\"async\" class=\"alignleft size-thumbnail wp-image-10022\" title=\"13211654abd16a99b92fda805932d231-landscape\" src=\"http:\/\/diadianoticias.com.br\/wp-content\/uploads\/2013\/07\/13211654abd16a99b92fda805932d231-landscape-150x150.jpg\" alt=\"\" width=\"150\" height=\"150\" \/><\/a><\/p>\n","protected":false},"excerpt":{"rendered":"<div class=\"mh-excerpt\"><p>O crime aconteceu por volta das 15h00 desta quarta-feira (03) no cruzamento da Rua Juscelino Kubitschek com a Rua Souza Naves, no Jardim Albuquerque, bairro de Campo Mour\u00e3o. Uma equipe do Corpo de Bombeiros esteve <a class=\"mh-excerpt-more\" href=\"https:\/\/diadianoticias.com.br\/?p=10021\" title=\"Jovem \u00e9 assassinado com tiro no pesco\u00e7o enquanto dirigia\">[&#8230;]<\/a><\/p>\n<\/div>","protected":false},"author":4,"featured_media":10025,"comment_status":"open","ping_status":"open","sticky":false,"template":"","format":"standard","meta":{"footnotes":""},"categories":[5],"tags":[],"class_list":{"0":"post-10021","1":"post","2":"type-post","3":"status-publish","4":"format-standard","5":"has-post-thumbnail","7":"category-policiais"},"_links":{"self":[{"href":"https:\/\/diadianoticias.com.br\/index.php?rest_route=\/wp\/v2\/posts\/10021","targetHints":{"allow":["GET"]}}],"collection":[{"href":"https:\/\/diadianoticias.com.br\/index.php?rest_route=\/wp\/v2\/posts"}],"about":[{"href":"https:\/\/diadianoticias.com.br\/index.php?rest_route=\/wp\/v2\/types\/post"}],"author":[{"embeddable":true,"href":"https:\/\/diadianoticias.com.br\/index.php?rest_route=\/wp\/v2\/users\/4"}],"replies":[{"embeddable":true,"href":"https:\/\/diadianoticias.com.br\/index.php?rest_route=%2Fwp%2Fv2%2Fcomments&post=10021"}],"version-history":[{"count":2,"href":"https:\/\/diadianoticias.com.br\/index.php?rest_route=\/wp\/v2\/posts\/10021\/revisions"}],"predecessor-version":[{"id":10027,"href":"https:\/\/diadianoticias.com.br\/index.php?rest_route=\/wp\/v2\/posts\/10021\/revisions\/10027"}],"wp:featuredmedia":[{"embeddable":true,"href":"https:\/\/diadianoticias.com.br\/index.php?rest_route=\/wp\/v2\/media\/10025"}],"wp:attachment":[{"href":"https:\/\/diadianoticias.com.br\/index.php?rest_route=%2Fwp%2Fv2%2Fmedia&parent=10021"}],"wp:term":[{"taxonomy":"category","embeddable":true,"href":"https:\/\/diadianoticias.com.br\/index.php?rest_route=%2Fwp%2Fv2%2Fcategories&post=10021"},{"taxonomy":"post_tag","embeddable":true,"href":"https:\/\/diadianoticias.com.br\/index.php?rest_route=%2Fwp%2Fv2%2Ftags&post=10021"}],"curies":[{"name":"wp","href":"https:\/\/api.w.org\/{rel}","templated":true}]}}