{"id":10015,"date":"2013-07-04T00:28:23","date_gmt":"2013-07-04T00:28:23","guid":{"rendered":"http:\/\/diadianoticias.com.br\/?p=10015"},"modified":"2013-07-04T00:28:23","modified_gmt":"2013-07-04T00:28:23","slug":"viatura-da-policia-rodoviaria-federal-capota-durante-perseguicao","status":"publish","type":"post","link":"https:\/\/diadianoticias.com.br\/?p=10015","title":{"rendered":"Viatura da Pol\u00edcia Rodovi\u00e1ria Federal capota durante persegui\u00e7\u00e3o"},"content":{"rendered":"<p style=\"text-align: justify;\"><a href=\"http:\/\/diadianoticias.com.br\/wp-content\/uploads\/2013\/07\/0d5a3eebce3e0bffaf13fbe7ce7fe629-landscape.jpg\"><img loading=\"lazy\" decoding=\"async\" class=\"alignleft size-medium wp-image-10017\" title=\"0d5a3eebce3e0bffaf13fbe7ce7fe629-landscape\" src=\"http:\/\/diadianoticias.com.br\/wp-content\/uploads\/2013\/07\/0d5a3eebce3e0bffaf13fbe7ce7fe629-landscape-300x200.jpg\" alt=\"\" width=\"300\" height=\"200\" srcset=\"https:\/\/diadianoticias.com.br\/wp-content\/uploads\/2013\/07\/0d5a3eebce3e0bffaf13fbe7ce7fe629-landscape-300x200.jpg 300w, https:\/\/diadianoticias.com.br\/wp-content\/uploads\/2013\/07\/0d5a3eebce3e0bffaf13fbe7ce7fe629-landscape.jpg 900w\" sizes=\"auto, (max-width: 300px) 100vw, 300px\" \/><\/a>Uma viatura da Pol\u00edcia Rodovi\u00e1ria Federal capotou na manh\u00e3 desta quarta-feira (03), pr\u00f3ximo a Ubirat\u00e3. Dois agentes estavam no ve\u00edculo na hora do acidente.<\/p>\n<p style=\"text-align: justify;\">Os policiais perseguiam um Astra que fugiu da abordagem no Posto da Pol\u00edcia Rodovi\u00e1ria de Ubirat\u00e3.<\/p>\n<p style=\"text-align: justify;\">Ao se aproximarem do trevo que liga a estrada de Campina da Lagoa, para n\u00e3o bater na traseira de um outro ve\u00edculo, o condutor da viatura desviou e perdeu o controle.<\/p>\n<p style=\"text-align: justify;\">Apesar da gravidade do acidente, ningu\u00e9m saiu ferido.<\/p>\n<p>(Ta Sabendo)<\/p>\n<p><a href=\"http:\/\/diadianoticias.com.br\/wp-content\/uploads\/2013\/07\/4b6cdf6485ed78e8510a6d57e53842ee-landscape.jpg\"><img loading=\"lazy\" decoding=\"async\" class=\"alignleft size-thumbnail wp-image-10018\" title=\"4b6cdf6485ed78e8510a6d57e53842ee-landscape\" src=\"http:\/\/diadianoticias.com.br\/wp-content\/uploads\/2013\/07\/4b6cdf6485ed78e8510a6d57e53842ee-landscape-150x150.jpg\" alt=\"\" width=\"150\" height=\"150\" \/><\/a><a href=\"http:\/\/diadianoticias.com.br\/wp-content\/uploads\/2013\/07\/f6da2012f02397f1ea1a23bb82a5ca7d-landscape.jpg\"><img loading=\"lazy\" decoding=\"async\" class=\"alignleft size-thumbnail wp-image-10016\" title=\"f6da2012f02397f1ea1a23bb82a5ca7d-landscape\" src=\"http:\/\/diadianoticias.com.br\/wp-content\/uploads\/2013\/07\/f6da2012f02397f1ea1a23bb82a5ca7d-landscape-150x150.jpg\" alt=\"\" width=\"150\" height=\"150\" \/><\/a><\/p>\n","protected":false},"excerpt":{"rendered":"<div class=\"mh-excerpt\"><p>Uma viatura da Pol\u00edcia Rodovi\u00e1ria Federal capotou na manh\u00e3 desta quarta-feira (03), pr\u00f3ximo a Ubirat\u00e3. Dois agentes estavam no ve\u00edculo na hora do acidente. Os policiais perseguiam um Astra que fugiu da abordagem no Posto <a class=\"mh-excerpt-more\" href=\"https:\/\/diadianoticias.com.br\/?p=10015\" title=\"Viatura da Pol\u00edcia Rodovi\u00e1ria Federal capota durante persegui\u00e7\u00e3o\">[&#8230;]<\/a><\/p>\n<\/div>","protected":false},"author":4,"featured_media":10017,"comment_status":"open","ping_status":"open","sticky":false,"template":"","format":"standard","meta":{"footnotes":""},"categories":[8],"tags":[],"class_list":{"0":"post-10015","1":"post","2":"type-post","3":"status-publish","4":"format-standard","5":"has-post-thumbnail","7":"category-regionais"},"_links":{"self":[{"href":"https:\/\/diadianoticias.com.br\/index.php?rest_route=\/wp\/v2\/posts\/10015","targetHints":{"allow":["GET"]}}],"collection":[{"href":"https:\/\/diadianoticias.com.br\/index.php?rest_route=\/wp\/v2\/posts"}],"about":[{"href":"https:\/\/diadianoticias.com.br\/index.php?rest_route=\/wp\/v2\/types\/post"}],"author":[{"embeddable":true,"href":"https:\/\/diadianoticias.com.br\/index.php?rest_route=\/wp\/v2\/users\/4"}],"replies":[{"embeddable":true,"href":"https:\/\/diadianoticias.com.br\/index.php?rest_route=%2Fwp%2Fv2%2Fcomments&post=10015"}],"version-history":[{"count":2,"href":"https:\/\/diadianoticias.com.br\/index.php?rest_route=\/wp\/v2\/posts\/10015\/revisions"}],"predecessor-version":[{"id":10020,"href":"https:\/\/diadianoticias.com.br\/index.php?rest_route=\/wp\/v2\/posts\/10015\/revisions\/10020"}],"wp:featuredmedia":[{"embeddable":true,"href":"https:\/\/diadianoticias.com.br\/index.php?rest_route=\/wp\/v2\/media\/10017"}],"wp:attachment":[{"href":"https:\/\/diadianoticias.com.br\/index.php?rest_route=%2Fwp%2Fv2%2Fmedia&parent=10015"}],"wp:term":[{"taxonomy":"category","embeddable":true,"href":"https:\/\/diadianoticias.com.br\/index.php?rest_route=%2Fwp%2Fv2%2Fcategories&post=10015"},{"taxonomy":"post_tag","embeddable":true,"href":"https:\/\/diadianoticias.com.br\/index.php?rest_route=%2Fwp%2Fv2%2Ftags&post=10015"}],"curies":[{"name":"wp","href":"https:\/\/api.w.org\/{rel}","templated":true}]}}